{"id":36260,"date":"2022-08-23T20:44:17","date_gmt":"2022-08-23T17:44:17","guid":{"rendered":"https:\/\/www.adanaseshaber.com\/?p=36260"},"modified":"2022-08-23T20:44:33","modified_gmt":"2022-08-23T17:44:33","slug":"arda-gulerin-annesi-serap-guler-ameliyat-oldu","status":"publish","type":"post","link":"https:\/\/adanaseshaber.com.tr\/?p=36260","title":{"rendered":"Arda G\u00fcler\u2019in annesi Serap G\u00fcler ameliyat oldu"},"content":{"rendered":"<p>Fenerbah\u00e7e\u2019nin gen\u00e7 y\u0131ld\u0131z\u0131 Arda G\u00fcler, annesinin ge\u00e7irece\u011fi ameliyat sebebiyle d\u00fcn oynanan Adana Demirspor kar\u015f\u0131la\u015fmas\u0131nda yer alamam\u0131\u015f ve izin isteyerek annesinin yan\u0131nda olmu\u015ftu. Arda G\u00fcler\u2019in annesi Serap G\u00fcler\u2019in ameliyat oldu\u011fu \u00f6\u011frenildi. Fenerbah\u00e7e, gen\u00e7 futbolcunun annesi ise ge\u00e7mi\u015f olsun mesaj\u0131 yay\u0131nlad\u0131. Arda G\u00fcler, Adana Demirspor ma\u00e7\u0131nda kadroda yer almazken yine sosyal medyan\u0131n en \u00e7ok konu\u015fulan ismi olmu\u015ftu. Fenerbah\u00e7e, S\u00fcper Lig\u2019in yeni sezonunun \u00fc\u00e7\u00fcnc\u00fc haftas\u0131nda Adana Demirspor ile kendi sahas\u0131nda m\u00fccadele vermi\u015f ve 4-2 galibiyetle liderli\u011fin sahibi olmu\u015ftu. Bu kritik ma\u00e7ta g\u00f6zler gen\u00e7 y\u0131ld\u0131z Arda G\u00fcler\u2019i arad\u0131 ancak gen\u00e7 y\u0131ld\u0131z\u0131n annesinin sa\u011fl\u0131k sorunlar\u0131 sebebiyle ma\u00e7 kadrosunda yer alamayaca\u011f\u0131 \u00f6\u011frenildi. Arda G\u00fcler\u2019in annesi Serap G\u00fcler\u2019in ameliyat oldu\u011fu \u00f6\u011frenilirken Fenerbah\u00e7e\u2019den gen\u00e7 oyuncunun annesine ge\u00e7mi\u015f olsun payla\u015f\u0131m\u0131 geldi.<\/p>\n<p><strong>GE\u00c7M\u0130\u015e OLSUN MESAJI<\/strong><\/p>\n<p>Annesinin ameliyat\u0131 sebebiyle izin ald\u0131\u011f\u0131 ve Adana Demirspor ma\u00e7\u0131nda kadroda yer almad\u0131\u011f\u0131 \u00f6\u011frenilen Arda G\u00fcler\u2019in annesinin ameliyat\u0131n\u0131n tamamland\u0131\u011f\u0131 \u00f6\u011frenildi. Arda G\u00fcler\u2019in ameliyat olan annesi Serap G\u00fcler i\u00e7in Fenerbah\u00e7e\u2019den ge\u00e7mi\u015f olsun payla\u015f\u0131m\u0131 geldi. Fenerbah\u00e7e Kul\u00fcb\u00fc, \u2018Gen\u00e7 futbolcumuz Arda G\u00fcler\u2019in annesi Serap G\u00fcler ba\u015far\u0131l\u0131 bir ameliyat ge\u00e7irmi\u015ftir. Serap G\u00fcler\u2019e ge\u00e7mi\u015f olsun dileklerimizi iletiyor, bir an \u00f6nce eski sa\u011fl\u0131\u011f\u0131na kavu\u015fmas\u0131n\u0131 temenni ediyoruz.\u2019 ifadeleriyle G\u00fcler ailesine ge\u00e7mi\u015f olsun dileklerini iletti.<\/p>\n<p><img loading=\"lazy\" decoding=\"async\" class=\"aligncenter wp-image-36262 size-full\" src=\"https:\/\/adanaseshaber.com.tr\/wp-content\/uploads\/2022\/08\/arda-gulerin-annesi-serap-guler-ameliyat-oldu-1.jpg\" alt=\"\" width=\"1280\" height=\"720\" srcset=\"https:\/\/adanaseshaber.com.tr\/wp-content\/uploads\/2022\/08\/arda-gulerin-annesi-serap-guler-ameliyat-oldu-1.jpg 1280w, https:\/\/adanaseshaber.com.tr\/wp-content\/uploads\/2022\/08\/arda-gulerin-annesi-serap-guler-ameliyat-oldu-1-300x169.jpg 300w, https:\/\/adanaseshaber.com.tr\/wp-content\/uploads\/2022\/08\/arda-gulerin-annesi-serap-guler-ameliyat-oldu-1-1024x576.jpg 1024w, https:\/\/adanaseshaber.com.tr\/wp-content\/uploads\/2022\/08\/arda-gulerin-annesi-serap-guler-ameliyat-oldu-1-768x432.jpg 768w, https:\/\/adanaseshaber.com.tr\/wp-content\/uploads\/2022\/08\/arda-gulerin-annesi-serap-guler-ameliyat-oldu-1-390x220.jpg 390w\" sizes=\"auto, (max-width: 1280px) 100vw, 1280px\" \/><\/p>\n<p><strong>SON D\u00d6NEM\u0130N PARLAYAN YILDIZI<\/strong><\/p>\n<p>Arda G\u00fcler, son d\u00f6nemde ba\u015far\u0131l\u0131 futboluyla parlayan y\u0131ld\u0131zlar aras\u0131nda. Fenerbah\u00e7e\u2019nin yan\u0131 s\u0131ra t\u00fcm tak\u0131mlar\u0131n takdir etti\u011fi gen\u00e7 futbolcunun ba\u015far\u0131l\u0131 performans\u0131 alk\u0131\u015f topluyor. Tak\u0131m\u0131na verdi\u011fi katk\u0131 ve kendisini s\u00fcrekli olarak geli\u015ftirme \u00e7abas\u0131 da g\u00f6zlerden ka\u00e7m\u0131yor. K\u0131sa s\u00fcrede taraftar\u0131n g\u00f6nl\u00fcnde taht kurmay\u0131 ba\u015faran gen\u00e7 futbolcunun ilerleyen y\u0131llarda \u00e7ok iyi yerlere gelmesi bekleniyor.<\/p>\n<p>&nbsp;<\/p>\n","protected":false},"excerpt":{"rendered":"<p>Fenerbah\u00e7e\u2019nin gen\u00e7 y\u0131ld\u0131z\u0131 Arda G\u00fcler, annesinin ge\u00e7irece\u011fi ameliyat sebebiyle d\u00fcn oynanan Adana Demirspor kar\u015f\u0131la\u015fmas\u0131nda yer alamam\u0131\u015f ve izin isteyerek annesinin yan\u0131nda olmu\u015ftu. Arda G\u00fcler\u2019in annesi Serap G\u00fcler\u2019in ameliyat oldu\u011fu \u00f6\u011frenildi. Fenerbah\u00e7e, gen\u00e7 futbolcunun annesi ise ge\u00e7mi\u015f olsun mesaj\u0131 yay\u0131nlad\u0131. Arda G\u00fcler, Adana Demirspor ma\u00e7\u0131nda kadroda yer almazken yine sosyal medyan\u0131n en \u00e7ok konu\u015fulan ismi olmu\u015ftu. &hellip;<\/p>\n","protected":false},"author":6,"featured_media":36261,"comment_status":"closed","ping_status":"closed","sticky":false,"template":"","format":"standard","meta":{"footnotes":""},"categories":[5],"tags":[],"class_list":["post-36260","post","type-post","status-publish","format-standard","has-post-thumbnail","hentry","category-spor"],"amp_enabled":true,"_links":{"self":[{"href":"https:\/\/adanaseshaber.com.tr\/index.php?rest_route=\/wp\/v2\/posts\/36260","targetHints":{"allow":["GET"]}}],"collection":[{"href":"https:\/\/adanaseshaber.com.tr\/index.php?rest_route=\/wp\/v2\/posts"}],"about":[{"href":"https:\/\/adanaseshaber.com.tr\/index.php?rest_route=\/wp\/v2\/types\/post"}],"author":[{"embeddable":true,"href":"https:\/\/adanaseshaber.com.tr\/index.php?rest_route=\/wp\/v2\/users\/6"}],"replies":[{"embeddable":true,"href":"https:\/\/adanaseshaber.com.tr\/index.php?rest_route=%2Fwp%2Fv2%2Fcomments&post=36260"}],"version-history":[{"count":2,"href":"https:\/\/adanaseshaber.com.tr\/index.php?rest_route=\/wp\/v2\/posts\/36260\/revisions"}],"predecessor-version":[{"id":36264,"href":"https:\/\/adanaseshaber.com.tr\/index.php?rest_route=\/wp\/v2\/posts\/36260\/revisions\/36264"}],"wp:featuredmedia":[{"embeddable":true,"href":"https:\/\/adanaseshaber.com.tr\/index.php?rest_route=\/wp\/v2\/media\/36261"}],"wp:attachment":[{"href":"https:\/\/adanaseshaber.com.tr\/index.php?rest_route=%2Fwp%2Fv2%2Fmedia&parent=36260"}],"wp:term":[{"taxonomy":"category","embeddable":true,"href":"https:\/\/adanaseshaber.com.tr\/index.php?rest_route=%2Fwp%2Fv2%2Fcategories&post=36260"},{"taxonomy":"post_tag","embeddable":true,"href":"https:\/\/adanaseshaber.com.tr\/index.php?rest_route=%2Fwp%2Fv2%2Ftags&post=36260"}],"curies":[{"name":"wp","href":"https:\/\/api.w.org\/{rel}","templated":true}]}}