{"id":36265,"date":"2022-08-23T21:02:27","date_gmt":"2022-08-23T18:02:27","guid":{"rendered":"https:\/\/www.adanaseshaber.com\/?p=36265"},"modified":"2022-08-23T21:02:27","modified_gmt":"2022-08-23T18:02:27","slug":"firincinin-karisi-filmi-oyunculari","status":"publish","type":"post","link":"https:\/\/adanaseshaber.com.tr\/?p=36265","title":{"rendered":"F\u0131r\u0131nc\u0131n\u0131n Kar\u0131s\u0131 filmi oyuncular\u0131"},"content":{"rendered":"<p>Bu ak\u015fam ekranlara gelen F\u0131r\u0131nc\u0131n\u0131n Kar\u0131s\u0131 filmi ile ilgili detaylar ara\u015ft\u0131r\u0131l\u0131yor. 2019 yap\u0131m\u0131 filmin konusu, oyuncu kadrosu ve \u00e7ekimlerinin yap\u0131ld\u0131\u011f\u0131 yerler merak konusu oldu. \u00d6zellikle oyuncu kadrosuyla t\u00fcm dikkatleri \u00fczerine \u00e7eken filmin konusu da bir hayli merak ediliyor. Ba\u015frollerinde B\u00fc\u015fra Pekin ve Alper Kul gibi \u00fcnl\u00fc oyuncular\u0131n yer ald\u0131\u011f\u0131 filmle ilgili merak edilen \u00e7ok say\u0131da detay var. Muhte\u015fem bir oyuncu kadrosuyla izleyiciyi b\u00fcy\u00fcleyen F\u0131r\u0131nc\u0131n\u0131n Kar\u0131s\u0131 filmi bu ak\u015fam ekrana geliyor. Beyazperdeden sonra ekranda izleyiciyle bulu\u015fan filmin konusu merak ediliyor. Peki, F\u0131r\u0131nc\u0131n\u0131n Kar\u0131s\u0131 filmi oyuncu kadrosunda kimler var* F\u0131r\u0131nc\u0131n\u0131n Kar\u0131s\u0131 filmi konusu nedir? F\u0131r\u0131nc\u0131n\u0131n Kar\u0131s\u0131 filmi nerede \u00e7ekildi? \u0130\u015fte t\u00fcm merak edilenler\u2026<\/p>\n<p><strong>FIRINCININ KARISI F\u0130LM\u0130 OYUNCU KADROSU<\/strong><\/p>\n<p>&#8211; B\u00fc\u015fra Pekin<\/p>\n<p>&#8211; Alper Kul<\/p>\n<p>&#8211; Ferdi Sancar<\/p>\n<p>&#8211; Korhan Herduran<\/p>\n<p>&#8211; Beyti Engin<\/p>\n<p>&#8211; Seda T\u00fcrkmen<\/p>\n<p>&#8211; Elif Baysal<\/p>\n<p>&#8211; E\u015fref Seyito\u011flu<\/p>\n<p>&#8211; \u00d6mer Civan \u015eit<\/p>\n<p>&#8211; Ay\u00e7a Koptur<\/p>\n<p>&#8211; Agmur Ulusa<\/p>\n<p>&#8211; G\u00f6khan Y\u0131lmaz<\/p>\n<p><img loading=\"lazy\" decoding=\"async\" class=\"aligncenter wp-image-36267 size-full\" src=\"https:\/\/adanaseshaber.com.tr\/wp-content\/uploads\/2022\/08\/firincinin-karisi-filmi-oyunculari-1.jpeg\" alt=\"\" width=\"1280\" height=\"720\" srcset=\"https:\/\/adanaseshaber.com.tr\/wp-content\/uploads\/2022\/08\/firincinin-karisi-filmi-oyunculari-1.jpeg 1280w, https:\/\/adanaseshaber.com.tr\/wp-content\/uploads\/2022\/08\/firincinin-karisi-filmi-oyunculari-1-300x169.jpeg 300w, https:\/\/adanaseshaber.com.tr\/wp-content\/uploads\/2022\/08\/firincinin-karisi-filmi-oyunculari-1-1024x576.jpeg 1024w, https:\/\/adanaseshaber.com.tr\/wp-content\/uploads\/2022\/08\/firincinin-karisi-filmi-oyunculari-1-768x432.jpeg 768w, https:\/\/adanaseshaber.com.tr\/wp-content\/uploads\/2022\/08\/firincinin-karisi-filmi-oyunculari-1-390x220.jpeg 390w\" sizes=\"auto, (max-width: 1280px) 100vw, 1280px\" \/><\/p>\n<p><strong>FIRINCININ KARISI F\u0130LM\u0130 KONUSU<\/strong><\/p>\n<p>Kendi halinde bir kad\u0131n olan Ferdane ile f\u0131r\u0131nc\u0131 kocas\u0131 Mustafa\u2019n\u0131n s\u0131radan bir ya\u015fant\u0131s\u0131 vard\u0131r. \u00c7ok k\u0131skan\u00e7 bir adam olan Mustafa\u2019n\u0131n davran\u0131\u015flar\u0131na al\u0131\u015fan Ferdane, bir s\u00fcre sonra hi\u00e7 beklemedi\u011fi durumlarla kar\u015f\u0131 kar\u015f\u0131ya kal\u0131r. Kocas\u0131 Mustafa\u2019da b\u00fcy\u00fck de\u011fi\u015fiklik fark eden Ferdane, bu durumun ge\u00e7ici oldu\u011funu d\u00fc\u015f\u00fcnse de i\u015fler onun d\u00fc\u015f\u00fcnd\u00fc\u011f\u00fc gibi ilerlemez. Oldu\u011funun tam aksi davran\u0131\u015flar sergilemeye ba\u015flayan Mustafa\u2019n\u0131n bu hali e\u015fi Ferdane\u2019yi b\u00fcy\u00fck bir meraka s\u00fcr\u00fckler. Kocas\u0131ndaki bu de\u011fi\u015fimin sebebini \u00f6\u011frenmek isteyen Ferdane, Mustafa\u2019y\u0131 takibe al\u0131r.<\/p>\n<p><strong>FIRINCININ KARISI F\u0130LM\u0130 NEREDE \u00c7EK\u0130LD\u0130?<\/strong><\/p>\n<p>2019 yap\u0131m\u0131 olan F\u0131r\u0131nc\u0131n\u0131n Kar\u0131s\u0131 filmindeki ara\u00e7lar \u00c7ank\u0131r\u0131 plakal\u0131 olsa da film asl\u0131nda \u0130stanbul\u2019un Sar\u0131yer ve \u00dcsk\u00fcdar il\u00e7elerinde \u00e7ekildi. Filmin \u00e7ekimleri \u0130stanbul\u2019da ger\u00e7ekle\u015ftirilse de hikayenin \u00c7ank\u0131r\u0131\u2019da ge\u00e7ti\u011fi havas\u0131 verildi.<\/p>\n","protected":false},"excerpt":{"rendered":"<p>Bu ak\u015fam ekranlara gelen F\u0131r\u0131nc\u0131n\u0131n Kar\u0131s\u0131 filmi ile ilgili detaylar ara\u015ft\u0131r\u0131l\u0131yor. 2019 yap\u0131m\u0131 filmin konusu, oyuncu kadrosu ve \u00e7ekimlerinin yap\u0131ld\u0131\u011f\u0131 yerler merak konusu oldu. \u00d6zellikle oyuncu kadrosuyla t\u00fcm dikkatleri \u00fczerine \u00e7eken filmin konusu da bir hayli merak ediliyor. Ba\u015frollerinde B\u00fc\u015fra Pekin ve Alper Kul gibi \u00fcnl\u00fc oyuncular\u0131n yer ald\u0131\u011f\u0131 filmle ilgili merak edilen \u00e7ok say\u0131da &hellip;<\/p>\n","protected":false},"author":6,"featured_media":36266,"comment_status":"closed","ping_status":"closed","sticky":false,"template":"","format":"standard","meta":{"footnotes":""},"categories":[15431],"tags":[],"class_list":["post-36265","post","type-post","status-publish","format-standard","has-post-thumbnail","hentry","category-medya"],"amp_enabled":true,"_links":{"self":[{"href":"https:\/\/adanaseshaber.com.tr\/index.php?rest_route=\/wp\/v2\/posts\/36265","targetHints":{"allow":["GET"]}}],"collection":[{"href":"https:\/\/adanaseshaber.com.tr\/index.php?rest_route=\/wp\/v2\/posts"}],"about":[{"href":"https:\/\/adanaseshaber.com.tr\/index.php?rest_route=\/wp\/v2\/types\/post"}],"author":[{"embeddable":true,"href":"https:\/\/adanaseshaber.com.tr\/index.php?rest_route=\/wp\/v2\/users\/6"}],"replies":[{"embeddable":true,"href":"https:\/\/adanaseshaber.com.tr\/index.php?rest_route=%2Fwp%2Fv2%2Fcomments&post=36265"}],"version-history":[{"count":2,"href":"https:\/\/adanaseshaber.com.tr\/index.php?rest_route=\/wp\/v2\/posts\/36265\/revisions"}],"predecessor-version":[{"id":36269,"href":"https:\/\/adanaseshaber.com.tr\/index.php?rest_route=\/wp\/v2\/posts\/36265\/revisions\/36269"}],"wp:featuredmedia":[{"embeddable":true,"href":"https:\/\/adanaseshaber.com.tr\/index.php?rest_route=\/wp\/v2\/media\/36266"}],"wp:attachment":[{"href":"https:\/\/adanaseshaber.com.tr\/index.php?rest_route=%2Fwp%2Fv2%2Fmedia&parent=36265"}],"wp:term":[{"taxonomy":"category","embeddable":true,"href":"https:\/\/adanaseshaber.com.tr\/index.php?rest_route=%2Fwp%2Fv2%2Fcategories&post=36265"},{"taxonomy":"post_tag","embeddable":true,"href":"https:\/\/adanaseshaber.com.tr\/index.php?rest_route=%2Fwp%2Fv2%2Ftags&post=36265"}],"curies":[{"name":"wp","href":"https:\/\/api.w.org\/{rel}","templated":true}]}}