{"id":36270,"date":"2022-08-23T21:21:49","date_gmt":"2022-08-23T18:21:49","guid":{"rendered":"https:\/\/www.adanaseshaber.com\/?p=36270"},"modified":"2022-08-23T21:21:26","modified_gmt":"2022-08-23T18:21:26","slug":"yunan-ucaklar-turk-f-16lara-radar-kilidi-atti","status":"publish","type":"post","link":"https:\/\/adanaseshaber.com.tr\/?p=36270","title":{"rendered":"Yunan u\u00e7aklar T\u00fcrk F-16\u2019lara radar kilidi att\u0131"},"content":{"rendered":"<p>Yunanistan\u2019\u0131n T\u00fcrkiye\u2019ye y\u00f6nelik provokasyonlar\u0131 devam ediyor. Bu kez de Yunanistan\u2019a ait u\u00e7aklar\u0131n T\u00fcrk F-16\u2019lara radar kilidi atarak tacizde bulundu\u011fu \u00f6\u011frenildi. Do\u011fu Akdeniz\u2019de NATO g\u00f6revi yapan T\u00fcrk F-16\u2019lara bilin\u00e7li bir \u015fekilde radar kilidi atan Yunan u\u00e7aklar\u0131 gerekli kar\u015f\u0131l\u0131\u011f\u0131n verilerek b\u00f6lgeden uzakla\u015ft\u0131r\u0131ld\u0131. Yunan u\u00e7aklar\u0131n\u0131n T\u00fcrk F-16\u2019lar\u0131 taciz etmek i\u00e7in NATO g\u00f6revini bile riske att\u0131\u011f\u0131 g\u00f6r\u00fcld\u00fc. NATO \u00fcyesi Yunanistan2a ait olan sava\u015f u\u00e7aklar\u0131n\u0131n \u00f6nemli bir NATO g\u00f6revini yerine getiren T\u00fcrk sava\u015f u\u00e7aklar\u0131n\u0131n g\u00f6revine engel olmak i\u00e7in bilin\u00e7li \u015fekilde radar kilidi att\u0131\u011f\u0131 bilgisi Milli Savunma Bakanl\u0131\u011f\u0131 kaynaklar\u0131 taraf\u0131ndan aktar\u0131ld\u0131. Yunan u\u00e7aklar\u0131n\u0131n T\u00fcrk u\u00e7aklar\u0131na bilin\u00e7li \u015fekilde yapt\u0131\u011f\u0131 bu taciz sonras\u0131nda verilen kar\u015f\u0131l\u0131\u011f\u0131n ard\u0131ndan Yunan u\u00e7aklar\u0131n\u0131n b\u00f6lgeden uzakla\u015ft\u0131r\u0131ld\u0131\u011f\u0131 \u00f6\u011frenildi.<\/p>\n<p><strong>YUNAN\u0130STAN TARAFINDAN \u00c7\u0130RK\u0130N TAC\u0130Z<\/strong><\/p>\n<p>Milli Savunma Bakanl\u0131\u011f\u0131 kaynaklar\u0131, NATO \u00fcyesi Yunanistan\u2019a ait olan sava\u015f u\u00e7aklar\u0131n\u0131n \u00f6nemli bir NATO g\u00f6revini yerine getiren T\u00fcrk sava\u015f u\u00e7aklar\u0131n\u0131n g\u00f6revini engellemek i\u00e7in bilin\u00e7li \u015fekilde radar kilidi att\u0131\u011f\u0131 bilgisini payla\u015ft\u0131. Yunanistan\u2019\u0131n bu \u00e7irkin tacizinin NATO\u2019nun faaliyetlerini hedef alan bir giri\u015fim oldu\u011funu aktaran kaynaklar, Yunanistan\u2019\u0131n T\u00fcrkiye\u2019yi taciz edebilmek i\u00e7in NATO g\u00f6revlerini bile riske atmaktan geri durmad\u0131\u011f\u0131 ifade edildi. Yunan u\u00e7aklar\u0131n\u0131n T\u00fcrk u\u00e7aklar\u0131na bilin\u00e7li bir \u015fekilde radar kilidi atarak tacizde bulunmas\u0131n\u0131n hemen ard\u0131ndan gerekli kar\u015f\u0131l\u0131\u011f\u0131n verildi\u011fi ve Yunan u\u00e7aklar\u0131n\u0131n b\u00f6lgeden uzakla\u015ft\u0131r\u0131ld\u0131\u011f\u0131 bilgisi payla\u015f\u0131ld\u0131.<\/p>\n<p><strong>ASKER\u0130 ATE\u015eE BAKANLI\u011eA \u00c7A\u011eIRILDI<\/strong><\/p>\n<p>Ya\u015fanan olay\u0131n ard\u0131ndan Milli Savunma Bakanl\u0131\u011f\u0131 taraf\u0131ndan konunun NATO\u2019ya iletildi\u011fi ve Yunanistan askeri ate\u015fesinin bakanl\u0131\u011fa \u00e7a\u011f\u0131r\u0131larak NATO g\u00f6revini tehlikeye atan Yunan u\u00e7aklar\u0131n\u0131n bu tacizinden dolay\u0131 tepki g\u00f6sterildi\u011fi aktar\u0131ld\u0131.<\/p>\n<p><img loading=\"lazy\" decoding=\"async\" class=\"aligncenter wp-image-36272 size-full\" src=\"https:\/\/adanaseshaber.com.tr\/wp-content\/uploads\/2022\/08\/yunan-ucaklar-turk-f-16lara-radar-kilidi-atti-1.jpg\" alt=\"\" width=\"1280\" height=\"720\" srcset=\"https:\/\/adanaseshaber.com.tr\/wp-content\/uploads\/2022\/08\/yunan-ucaklar-turk-f-16lara-radar-kilidi-atti-1.jpg 1280w, https:\/\/adanaseshaber.com.tr\/wp-content\/uploads\/2022\/08\/yunan-ucaklar-turk-f-16lara-radar-kilidi-atti-1-300x169.jpg 300w, https:\/\/adanaseshaber.com.tr\/wp-content\/uploads\/2022\/08\/yunan-ucaklar-turk-f-16lara-radar-kilidi-atti-1-1024x576.jpg 1024w, https:\/\/adanaseshaber.com.tr\/wp-content\/uploads\/2022\/08\/yunan-ucaklar-turk-f-16lara-radar-kilidi-atti-1-768x432.jpg 768w, https:\/\/adanaseshaber.com.tr\/wp-content\/uploads\/2022\/08\/yunan-ucaklar-turk-f-16lara-radar-kilidi-atti-1-390x220.jpg 390w\" sizes=\"auto, (max-width: 1280px) 100vw, 1280px\" \/><\/p>\n<p><strong>RADAR K\u0130L\u0130D\u0130 NED\u0130R?<\/strong><\/p>\n<p>Radar kilidi, askeri havac\u0131l\u0131k jargonunda radar veya di\u011fer \u00e7e\u015fitli sens\u00f6rlerle d\u00fc\u015fman u\u00e7a\u011f\u0131na kilitlenerek onu takip etmek.<\/p>\n","protected":false},"excerpt":{"rendered":"<p>Yunanistan\u2019\u0131n T\u00fcrkiye\u2019ye y\u00f6nelik provokasyonlar\u0131 devam ediyor. Bu kez de Yunanistan\u2019a ait u\u00e7aklar\u0131n T\u00fcrk F-16\u2019lara radar kilidi atarak tacizde bulundu\u011fu \u00f6\u011frenildi. Do\u011fu Akdeniz\u2019de NATO g\u00f6revi yapan T\u00fcrk F-16\u2019lara bilin\u00e7li bir \u015fekilde radar kilidi atan Yunan u\u00e7aklar\u0131 gerekli kar\u015f\u0131l\u0131\u011f\u0131n verilerek b\u00f6lgeden uzakla\u015ft\u0131r\u0131ld\u0131. Yunan u\u00e7aklar\u0131n\u0131n T\u00fcrk F-16\u2019lar\u0131 taciz etmek i\u00e7in NATO g\u00f6revini bile riske att\u0131\u011f\u0131 g\u00f6r\u00fcld\u00fc. NATO \u00fcyesi &hellip;<\/p>\n","protected":false},"author":6,"featured_media":36271,"comment_status":"closed","ping_status":"closed","sticky":false,"template":"","format":"standard","meta":{"footnotes":""},"categories":[1],"tags":[],"class_list":["post-36270","post","type-post","status-publish","format-standard","has-post-thumbnail","hentry","category-genel"],"amp_enabled":true,"_links":{"self":[{"href":"https:\/\/adanaseshaber.com.tr\/index.php?rest_route=\/wp\/v2\/posts\/36270","targetHints":{"allow":["GET"]}}],"collection":[{"href":"https:\/\/adanaseshaber.com.tr\/index.php?rest_route=\/wp\/v2\/posts"}],"about":[{"href":"https:\/\/adanaseshaber.com.tr\/index.php?rest_route=\/wp\/v2\/types\/post"}],"author":[{"embeddable":true,"href":"https:\/\/adanaseshaber.com.tr\/index.php?rest_route=\/wp\/v2\/users\/6"}],"replies":[{"embeddable":true,"href":"https:\/\/adanaseshaber.com.tr\/index.php?rest_route=%2Fwp%2Fv2%2Fcomments&post=36270"}],"version-history":[{"count":2,"href":"https:\/\/adanaseshaber.com.tr\/index.php?rest_route=\/wp\/v2\/posts\/36270\/revisions"}],"predecessor-version":[{"id":36274,"href":"https:\/\/adanaseshaber.com.tr\/index.php?rest_route=\/wp\/v2\/posts\/36270\/revisions\/36274"}],"wp:featuredmedia":[{"embeddable":true,"href":"https:\/\/adanaseshaber.com.tr\/index.php?rest_route=\/wp\/v2\/media\/36271"}],"wp:attachment":[{"href":"https:\/\/adanaseshaber.com.tr\/index.php?rest_route=%2Fwp%2Fv2%2Fmedia&parent=36270"}],"wp:term":[{"taxonomy":"category","embeddable":true,"href":"https:\/\/adanaseshaber.com.tr\/index.php?rest_route=%2Fwp%2Fv2%2Fcategories&post=36270"},{"taxonomy":"post_tag","embeddable":true,"href":"https:\/\/adanaseshaber.com.tr\/index.php?rest_route=%2Fwp%2Fv2%2Ftags&post=36270"}],"curies":[{"name":"wp","href":"https:\/\/api.w.org\/{rel}","templated":true}]}}