{"id":36275,"date":"2022-08-23T21:57:06","date_gmt":"2022-08-23T18:57:06","guid":{"rendered":"https:\/\/www.adanaseshaber.com\/?p=36275"},"modified":"2022-08-23T21:57:09","modified_gmt":"2022-08-23T18:57:09","slug":"ismail-kucukkaya-fox-tvden-ayrildi","status":"publish","type":"post","link":"https:\/\/adanaseshaber.com.tr\/?p=36275","title":{"rendered":"\u0130smail K\u00fc\u00e7\u00fckkaya FOX TV\u2019den ayr\u0131ld\u0131"},"content":{"rendered":"<p>FOX TV2nin \u00f6enmli isimlerinden biri olan ve her sabah canl\u0131 yay\u0131nla izleyicinin kar\u015f\u0131s\u0131na \u00e7\u0131kan \u0130smail K\u00fc\u00e7\u00fckkaya, FOX TV\u2019den ayr\u0131ld\u0131. FOX TV\u2019den ayr\u0131lan K\u00fc\u00e7\u00fckkaya\u2019n\u0131n Halk TV\u2019de olaca\u011f\u0131 belirtildi. \u0130smail K\u00fc\u00e7\u00fckkaya\u2019n\u0131n ayr\u0131l\u0131k haberi izleyiciye b\u00fcy\u00fck bir \u015fok ya\u015fatt\u0131. Yeni sezonda FOX ekranlar\u0131nda \u00c7alar Saat ile izleyicisinin kar\u015f\u0131s\u0131na ge\u00e7mesi beklenen K\u00fc\u00e7\u00fckkaya\u2019n\u0131n art\u0131k ba\u015fka bir kanalda olaca\u011f\u0131 bilgisine ula\u015f\u0131ld\u0131. Gazeteci \u0130smail K\u00fc\u00e7\u00fckkaya\u2019n\u0131n FOX TV\u2019den ayr\u0131l\u0131\u011f\u0131 g\u00fcndem oldu. Uzun y\u0131llard\u0131r FOX ekranlar\u0131nda her sabah \u2018\u00c7alar Saat\u2019 adl\u0131 program\u0131yla izleyicisinin kar\u015f\u0131s\u0131na \u00e7\u0131kan \u0130smail K\u00fc\u00e7\u00fckkaya\u2019n\u0131n art\u0131k Halk TV2de olaca\u011f\u0131 \u00f6\u011frenildi. FOX\u2019taki bu ayr\u0131l\u0131k sosyal medyan\u0131n da g\u00fcndemine yerle\u015fti. Halk TV2nin sahibi Cafer Miro\u011flu, FOX TV2den ayr\u0131lan K\u00fc\u00e7\u00fckkaya\u2019n\u0131n art\u0131k Halk TV\u2019de olaca\u011f\u0131n\u0131 duyurdu. \u0130\u015fte detaylar\u2026<\/p>\n<p><strong>FOX TV\u2019YE VEDA<\/strong><\/p>\n<p>Gazeteci \u0130smail K\u00fc\u00e7\u00fckkaya, uzun y\u0131llard\u0131r yer ald\u0131\u011f\u0131 FOX ekranlar\u0131na veda etti. Hafta i\u00e7i her g\u00fcn \u2018\u00c7alar Saat\u2019 adl\u0131 haber program\u0131yla FOX izleyicisinin kar\u015f\u0131s\u0131na \u00e7\u0131kan K\u00fc\u00e7\u00fckkaya, a\u011f\u0131rlad\u0131\u011f\u0131 konuklar ve yapt\u0131\u011f\u0131 yorumlarla s\u0131k s\u0131k g\u00fcndeme geliyordu. Yeni sezonda da yine FOX ekranlar\u0131nda \u2018\u00c7alar Saat\u2019 program\u0131yla izleyicinin kar\u015f\u0131s\u0131na \u00e7\u0131kmas\u0131 beklenen K\u00fc\u00e7\u00fckkaya\u2019dan \u015fok eden bir karar geldi. \u0130smail K\u00fc\u00e7\u00fckkaya\u2019n\u0131n FOX TV\u2019den ayr\u0131ld\u0131\u011f\u0131 \u00f6\u011frenildi.<\/p>\n<p><img loading=\"lazy\" decoding=\"async\" class=\"aligncenter wp-image-36277 size-full\" src=\"https:\/\/adanaseshaber.com.tr\/wp-content\/uploads\/2022\/08\/ismail-kucukkaya-fox-tvden-ayrildi-1.jpg\" alt=\"\" width=\"1280\" height=\"720\" srcset=\"https:\/\/adanaseshaber.com.tr\/wp-content\/uploads\/2022\/08\/ismail-kucukkaya-fox-tvden-ayrildi-1.jpg 1280w, https:\/\/adanaseshaber.com.tr\/wp-content\/uploads\/2022\/08\/ismail-kucukkaya-fox-tvden-ayrildi-1-300x169.jpg 300w, https:\/\/adanaseshaber.com.tr\/wp-content\/uploads\/2022\/08\/ismail-kucukkaya-fox-tvden-ayrildi-1-1024x576.jpg 1024w, https:\/\/adanaseshaber.com.tr\/wp-content\/uploads\/2022\/08\/ismail-kucukkaya-fox-tvden-ayrildi-1-768x432.jpg 768w, https:\/\/adanaseshaber.com.tr\/wp-content\/uploads\/2022\/08\/ismail-kucukkaya-fox-tvden-ayrildi-1-390x220.jpg 390w\" sizes=\"auto, (max-width: 1280px) 100vw, 1280px\" \/><\/p>\n<p><strong>ARTIK HALK TV\u2019DE OLACAK<\/strong><\/p>\n<p>Halk TV\u2019nin sahibi Cafer Miro\u011flu, gazeteci \u0130smail K\u00fc\u00e7\u00fckkaya\u2019n\u0131n art\u0131k Halk TV2de olaca\u011f\u0131n\u0131 duyurdu. \u0130lk a\u00e7\u0131klamas\u0131nda \u2018Halk\u0131n kanal\u0131 Halk TV\u2019de art\u0131k koca y\u00fcrekli bir adam daha bize yarenlik edecek\u2019 ifadelerine yer veren Miro\u011flu, daha sonra bir payla\u015f\u0131m daha yaparak \u2018Sevgili Halk TV izleyicileri, az \u00f6nce isim vermeden Halk TV\u2019de yeni ba\u015flayacak bir arkada\u015f i\u00e7in tweet att\u0131m. Biraz gizem olsun istedim ama gizem bana g\u00f6re de\u011fil. Ho\u015f geldin \u0130smail K\u00fc\u00e7\u00fckkaya.\u2019 ifadelerini kulland\u0131.<\/p>\n","protected":false},"excerpt":{"rendered":"<p>FOX TV2nin \u00f6enmli isimlerinden biri olan ve her sabah canl\u0131 yay\u0131nla izleyicinin kar\u015f\u0131s\u0131na \u00e7\u0131kan \u0130smail K\u00fc\u00e7\u00fckkaya, FOX TV\u2019den ayr\u0131ld\u0131. FOX TV\u2019den ayr\u0131lan K\u00fc\u00e7\u00fckkaya\u2019n\u0131n Halk TV\u2019de olaca\u011f\u0131 belirtildi. \u0130smail K\u00fc\u00e7\u00fckkaya\u2019n\u0131n ayr\u0131l\u0131k haberi izleyiciye b\u00fcy\u00fck bir \u015fok ya\u015fatt\u0131. Yeni sezonda FOX ekranlar\u0131nda \u00c7alar Saat ile izleyicisinin kar\u015f\u0131s\u0131na ge\u00e7mesi beklenen K\u00fc\u00e7\u00fckkaya\u2019n\u0131n art\u0131k ba\u015fka bir kanalda olaca\u011f\u0131 bilgisine ula\u015f\u0131ld\u0131. &hellip;<\/p>\n","protected":false},"author":6,"featured_media":36276,"comment_status":"closed","ping_status":"closed","sticky":false,"template":"","format":"standard","meta":{"footnotes":""},"categories":[15431],"tags":[],"class_list":["post-36275","post","type-post","status-publish","format-standard","has-post-thumbnail","hentry","category-medya"],"amp_enabled":true,"_links":{"self":[{"href":"https:\/\/adanaseshaber.com.tr\/index.php?rest_route=\/wp\/v2\/posts\/36275","targetHints":{"allow":["GET"]}}],"collection":[{"href":"https:\/\/adanaseshaber.com.tr\/index.php?rest_route=\/wp\/v2\/posts"}],"about":[{"href":"https:\/\/adanaseshaber.com.tr\/index.php?rest_route=\/wp\/v2\/types\/post"}],"author":[{"embeddable":true,"href":"https:\/\/adanaseshaber.com.tr\/index.php?rest_route=\/wp\/v2\/users\/6"}],"replies":[{"embeddable":true,"href":"https:\/\/adanaseshaber.com.tr\/index.php?rest_route=%2Fwp%2Fv2%2Fcomments&post=36275"}],"version-history":[{"count":2,"href":"https:\/\/adanaseshaber.com.tr\/index.php?rest_route=\/wp\/v2\/posts\/36275\/revisions"}],"predecessor-version":[{"id":36279,"href":"https:\/\/adanaseshaber.com.tr\/index.php?rest_route=\/wp\/v2\/posts\/36275\/revisions\/36279"}],"wp:featuredmedia":[{"embeddable":true,"href":"https:\/\/adanaseshaber.com.tr\/index.php?rest_route=\/wp\/v2\/media\/36276"}],"wp:attachment":[{"href":"https:\/\/adanaseshaber.com.tr\/index.php?rest_route=%2Fwp%2Fv2%2Fmedia&parent=36275"}],"wp:term":[{"taxonomy":"category","embeddable":true,"href":"https:\/\/adanaseshaber.com.tr\/index.php?rest_route=%2Fwp%2Fv2%2Fcategories&post=36275"},{"taxonomy":"post_tag","embeddable":true,"href":"https:\/\/adanaseshaber.com.tr\/index.php?rest_route=%2Fwp%2Fv2%2Ftags&post=36275"}],"curies":[{"name":"wp","href":"https:\/\/api.w.org\/{rel}","templated":true}]}}