{"id":36280,"date":"2022-08-23T22:22:10","date_gmt":"2022-08-23T19:22:10","guid":{"rendered":"https:\/\/www.adanaseshaber.com\/?p=36280"},"modified":"2022-08-23T22:22:36","modified_gmt":"2022-08-23T19:22:36","slug":"iade-kargo-ucreti-artik-musteriye-ait-olacak","status":"publish","type":"post","link":"https:\/\/adanaseshaber.com.tr\/?p=36280","title":{"rendered":"\u0130ade kargo \u00fccreti art\u0131k m\u00fc\u015fteriye ait olacak"},"content":{"rendered":"<p>\u0130nternet al\u0131\u015fveri\u015fleriyle ilgili yap\u0131lan yeni d\u00fczenleme sosyal medyada tart\u0131\u015fma konusu oldu. Artt\u0131k internet \u00fczerinden yap\u0131lacak olan al\u0131\u015fveri\u015flerde iade kargo \u00fccretinin m\u00fc\u015fteriye ait olmas\u0131 karar\u0131 sosyal medyay\u0131 ikiye b\u00f6ld\u00fc. Kargo iadesini art\u0131k m\u00fc\u015fterilerin kar\u015f\u0131layacak olmas\u0131na yorum ya\u011farken cep telefonu ve bilgisayar al\u0131mlar\u0131nda cayma hakk\u0131n\u0131n kald\u0131r\u0131ld\u0131\u011f\u0131 da aktar\u0131ld\u0131. \u0130nternet al\u0131\u015fveri\u015flerindeki yeni d\u00fczenleme ile merak edilen detaylar ara\u015ft\u0131r\u0131l\u0131yor. \u0130nternet al\u0131\u015fveri\u015flerinde yeni bir d\u00f6nem ba\u015fl\u0131yor. Art\u0131k \u00fcr\u00fcn iadesinde kargo \u00fccretini m\u00fc\u015fteri kar\u015f\u0131layacak. Di\u011fer yandan cep telefonu ve bilgisayar al\u0131mlar\u0131nda cayma hakk\u0131n\u0131n da kald\u0131r\u0131ld\u0131\u011f\u0131 \u00f6\u011frenildi. Kargo iade \u00fccreti ile ilgili al\u0131nan yeni karar sosyal medyay\u0131 ikiye b\u00f6ld\u00fc. Baz\u0131 sosyal medya kullan\u0131c\u0131lar\u0131 iadede kargo \u00fccretinin m\u00fc\u015fteriye ait olmas\u0131na tepki g\u00f6sterirken baz\u0131 kullan\u0131c\u0131lar ise bunun yerinde bir karar oldu\u011funu belirtti.<\/p>\n<p><strong>\u0130NTERNET ALI\u015eVER\u0130\u015e\u0130NDE YEN\u0130 D\u00d6NEM<\/strong><\/p>\n<p>\u0130nternet al\u0131\u015fveri\u015flerinde yeni bir d\u00f6nem ba\u015fl\u0131yor. Resmi Gazete\u2019de yay\u0131mlanan yeni y\u00f6netmeli\u011fe g\u00f6re art\u0131k internet \u00fczerinden yap\u0131lan al\u0131\u015fveri\u015flerde iade kargo \u00fccretini m\u00fc\u015fteriler kar\u015f\u0131layacak. Ticaret Bakanl\u0131\u011f\u0131 taraf\u0131ndan payla\u015f\u0131lan \u2018Mesafeli S\u00f6zle\u015fmeler Y\u00f6netmeli\u011finde De\u011fi\u015fiklik Yap\u0131lmas\u0131na Dair Y\u00f6netmelik\u2019 ile \u00fcr\u00fcnlerin iadesinde kargo \u00fccreti ve cayma hakk\u0131 konular\u0131nda d\u00fczenlemeye gidildi. Bu kapsamda t\u00fcketiciler art\u0131k iade ettikleri kargolar\u0131n \u00fccretini kendileri \u00f6deyecek. \u00d6te yandan art\u0131k sat\u0131n al\u0131nan cep telefonu, ak\u0131ll\u0131 saat, tablet, drone ve bilgisayar gibi teknolojik \u00fcr\u00fcnlerde cayma hakk\u0131 olmayacak.<\/p>\n<p><img loading=\"lazy\" decoding=\"async\" class=\"aligncenter wp-image-36282 size-full\" src=\"https:\/\/adanaseshaber.com.tr\/wp-content\/uploads\/2022\/08\/iade-kargo-ucreti-artik-musteriye-ait-olacak.jpg\" alt=\"\" width=\"1280\" height=\"720\" srcset=\"https:\/\/adanaseshaber.com.tr\/wp-content\/uploads\/2022\/08\/iade-kargo-ucreti-artik-musteriye-ait-olacak.jpg 1280w, https:\/\/adanaseshaber.com.tr\/wp-content\/uploads\/2022\/08\/iade-kargo-ucreti-artik-musteriye-ait-olacak-300x169.jpg 300w, https:\/\/adanaseshaber.com.tr\/wp-content\/uploads\/2022\/08\/iade-kargo-ucreti-artik-musteriye-ait-olacak-1024x576.jpg 1024w, https:\/\/adanaseshaber.com.tr\/wp-content\/uploads\/2022\/08\/iade-kargo-ucreti-artik-musteriye-ait-olacak-768x432.jpg 768w, https:\/\/adanaseshaber.com.tr\/wp-content\/uploads\/2022\/08\/iade-kargo-ucreti-artik-musteriye-ait-olacak-390x220.jpg 390w\" sizes=\"auto, (max-width: 1280px) 100vw, 1280px\" \/><\/p>\n<p><strong>1 EK\u0130M\u2019DE Y\u00dcR\u00dcRL\u00dc\u011eE G\u0130RECEK<\/strong><\/p>\n<p>\u0130nternetten al\u0131\u015fveri\u015fte yap\u0131lan yeni d\u00fczenlemeler sosyal medyan\u0131n g\u00fcndemine oturdu. Yeni d\u00fczenleme kapsam\u0131nda art\u0131k \u00fcr\u00fcn\u00fcn iade kargo \u00fccreti m\u00fc\u015fteriye ait olacak. Ayn\u0131 zamanda \u2018Cayma Hakk\u0131n\u0131n \u0130stisnalar\u0131\u2019 ba\u015fl\u0131\u011f\u0131ndaki maddelere de eklemeler yap\u0131ld\u0131. Madde 15\u2019e yeni eklenen maddelerle beraber art\u0131k ak\u0131ll\u0131 saat, cep telefonu, bilgisayar, drone ve tablet gibi teknolojik \u00fcr\u00fcnlerde cayma hakk\u0131 olmayacak. S\u00f6z konusu de\u011fi\u015fiklikler 1 Ekim 2022 tarihinde y\u00fcr\u00fcrl\u00fc\u011fe girecek.<\/p>\n","protected":false},"excerpt":{"rendered":"<p>\u0130nternet al\u0131\u015fveri\u015fleriyle ilgili yap\u0131lan yeni d\u00fczenleme sosyal medyada tart\u0131\u015fma konusu oldu. Artt\u0131k internet \u00fczerinden yap\u0131lacak olan al\u0131\u015fveri\u015flerde iade kargo \u00fccretinin m\u00fc\u015fteriye ait olmas\u0131 karar\u0131 sosyal medyay\u0131 ikiye b\u00f6ld\u00fc. Kargo iadesini art\u0131k m\u00fc\u015fterilerin kar\u015f\u0131layacak olmas\u0131na yorum ya\u011farken cep telefonu ve bilgisayar al\u0131mlar\u0131nda cayma hakk\u0131n\u0131n kald\u0131r\u0131ld\u0131\u011f\u0131 da aktar\u0131ld\u0131. \u0130nternet al\u0131\u015fveri\u015flerindeki yeni d\u00fczenleme ile merak edilen detaylar ara\u015ft\u0131r\u0131l\u0131yor. &hellip;<\/p>\n","protected":false},"author":6,"featured_media":36281,"comment_status":"closed","ping_status":"closed","sticky":false,"template":"","format":"standard","meta":{"footnotes":""},"categories":[1],"tags":[],"class_list":["post-36280","post","type-post","status-publish","format-standard","has-post-thumbnail","hentry","category-genel"],"amp_enabled":true,"_links":{"self":[{"href":"https:\/\/adanaseshaber.com.tr\/index.php?rest_route=\/wp\/v2\/posts\/36280","targetHints":{"allow":["GET"]}}],"collection":[{"href":"https:\/\/adanaseshaber.com.tr\/index.php?rest_route=\/wp\/v2\/posts"}],"about":[{"href":"https:\/\/adanaseshaber.com.tr\/index.php?rest_route=\/wp\/v2\/types\/post"}],"author":[{"embeddable":true,"href":"https:\/\/adanaseshaber.com.tr\/index.php?rest_route=\/wp\/v2\/users\/6"}],"replies":[{"embeddable":true,"href":"https:\/\/adanaseshaber.com.tr\/index.php?rest_route=%2Fwp%2Fv2%2Fcomments&post=36280"}],"version-history":[{"count":1,"href":"https:\/\/adanaseshaber.com.tr\/index.php?rest_route=\/wp\/v2\/posts\/36280\/revisions"}],"predecessor-version":[{"id":36283,"href":"https:\/\/adanaseshaber.com.tr\/index.php?rest_route=\/wp\/v2\/posts\/36280\/revisions\/36283"}],"wp:featuredmedia":[{"embeddable":true,"href":"https:\/\/adanaseshaber.com.tr\/index.php?rest_route=\/wp\/v2\/media\/36281"}],"wp:attachment":[{"href":"https:\/\/adanaseshaber.com.tr\/index.php?rest_route=%2Fwp%2Fv2%2Fmedia&parent=36280"}],"wp:term":[{"taxonomy":"category","embeddable":true,"href":"https:\/\/adanaseshaber.com.tr\/index.php?rest_route=%2Fwp%2Fv2%2Fcategories&post=36280"},{"taxonomy":"post_tag","embeddable":true,"href":"https:\/\/adanaseshaber.com.tr\/index.php?rest_route=%2Fwp%2Fv2%2Ftags&post=36280"}],"curies":[{"name":"wp","href":"https:\/\/api.w.org\/{rel}","templated":true}]}}