{"id":38383,"date":"2022-09-04T12:03:51","date_gmt":"2022-09-04T09:03:51","guid":{"rendered":"https:\/\/www.adanaseshaber.com\/?p=38383"},"modified":"2022-09-04T12:03:09","modified_gmt":"2022-09-04T09:03:09","slug":"yikildigi-iddia-edilen-kiz-kulesi-ile-ilgili-aciklama","status":"publish","type":"post","link":"https:\/\/adanaseshaber.com.tr\/?p=38383","title":{"rendered":"Y\u0131k\u0131ld\u0131\u011f\u0131 iddia edilen K\u0131z Kulesi ile ilgili a\u00e7\u0131klama"},"content":{"rendered":"<p>Ge\u00e7ti\u011fimiz y\u0131ldan bu yana restorasyonda olan K\u0131z Kulesi\u2019nin y\u0131k\u0131ld\u0131\u011f\u0131na dair iddialar sosyal medyan\u0131n g\u00fcndemine oturmu\u015ftu. K\u0131z Kulesi\u2019nin y\u0131k\u0131ld\u0131\u011f\u0131 iddialar\u0131n\u0131n ard\u0131ndan g\u00f6zler konuyla ilgili yap\u0131lacak a\u00e7\u0131klamaya \u00e7evrilmi\u015fti. K\u00fclt\u00fcr Varl\u0131klar\u0131 ve M\u00fczeler Genel M\u00fcd\u00fcrl\u00fc\u011f\u00fc\u2019nden K\u0131z Kulesi\u2019nin y\u0131k\u0131ld\u0131\u011f\u0131na dair iddialara yan\u0131t geldi. K\u0131z Kulesi\u2019nde K\u00fclt\u00fcr ve Turizm Bakanl\u0131\u011f\u0131 taraf\u0131ndan y\u00fcr\u00fct\u00fclen restorasyon \u00e7al\u0131\u015fmalar\u0131 devam ediyor. K\u0131z Kulesi\u2019nin son g\u00f6r\u00fcnt\u00fcs\u00fc ve y\u0131k\u0131ld\u0131\u011f\u0131na dair iddialar sosyal medyay\u0131 kar\u0131\u015ft\u0131rd\u0131. K\u0131z Kulesi\u2019nin y\u0131k\u0131ld\u0131\u011f\u0131na dair iddialar tepkilere neden olurken konuyla ilgili K\u00fclt\u00fcr Varl\u0131klar\u0131 ve M\u00fczeler Genel M\u00fcd\u00fcrl\u00fc\u011f\u00fc\u2019nden a\u00e7\u0131klama geldi. S\u00f6z konusu iddialar yalanlan\u0131rken K\u0131z Kulesi\u2019nin restorasyon tamamland\u0131ktan sonra nas\u0131l g\u00f6r\u00fcnece\u011fine dair bir foto\u011fraf payla\u015f\u0131ld\u0131. \u0130\u015fte detaylar\u2026<\/p>\n<p><strong>KIZ KULES\u0130 YIKILDI \u0130DD\u0130ALARI<\/strong><\/p>\n<p>\u0130stanbul\u2019un \u00f6nemli simgelerinden biri olan K\u0131z Kulesi\u2019nin y\u0131k\u0131ld\u0131\u011f\u0131na dair iddialar sosyal medyan\u0131n g\u00fcndemine oturmu\u015f ve tepkiler \u00e7\u0131\u011f gibi b\u00fcy\u00fcm\u00fc\u015ft\u00fc. K\u00fclt\u00fcr ve Turizm Bakanl\u0131\u011f\u0131, 2021 y\u0131l\u0131n\u0131n Eyl\u00fcl ay\u0131ndan bu yana K\u0131z Kulesi\u2019ndeki restorasyon \u00e7al\u0131\u015fmalar\u0131na devam ediyor. Restorasyon \u00e7al\u0131\u015fmalar\u0131 devam edilen K\u0131z Kulesi\u2019nin payla\u015f\u0131lan son g\u00f6r\u00fcnt\u00fcleri tepkilere neden oldu. \u00c7ekilen bir videoda K\u0131z Kulesi\u2019nin hemen arkas\u0131ndan ge\u00e7en bir geminin restorasyonu devam eden yap\u0131n\u0131n i\u00e7inden g\u00f6r\u00fcnmesi K\u0131z Kulesi\u2019nin y\u0131k\u0131ld\u0131\u011f\u0131na dair iddialar\u0131 beraberinde getirdi.<\/p>\n<p><img loading=\"lazy\" decoding=\"async\" class=\"aligncenter wp-image-38386 size-full\" src=\"https:\/\/adanaseshaber.com.tr\/wp-content\/uploads\/2022\/09\/yikildigi-iddia-edilen-kiz-kulesi-ile-ilgili-aciklama-2.jpg\" alt=\"\" width=\"1280\" height=\"720\" srcset=\"https:\/\/adanaseshaber.com.tr\/wp-content\/uploads\/2022\/09\/yikildigi-iddia-edilen-kiz-kulesi-ile-ilgili-aciklama-2.jpg 1280w, https:\/\/adanaseshaber.com.tr\/wp-content\/uploads\/2022\/09\/yikildigi-iddia-edilen-kiz-kulesi-ile-ilgili-aciklama-2-300x169.jpg 300w, https:\/\/adanaseshaber.com.tr\/wp-content\/uploads\/2022\/09\/yikildigi-iddia-edilen-kiz-kulesi-ile-ilgili-aciklama-2-1024x576.jpg 1024w, https:\/\/adanaseshaber.com.tr\/wp-content\/uploads\/2022\/09\/yikildigi-iddia-edilen-kiz-kulesi-ile-ilgili-aciklama-2-768x432.jpg 768w, https:\/\/adanaseshaber.com.tr\/wp-content\/uploads\/2022\/09\/yikildigi-iddia-edilen-kiz-kulesi-ile-ilgili-aciklama-2-390x220.jpg 390w\" sizes=\"auto, (max-width: 1280px) 100vw, 1280px\" \/><\/p>\n<p><img loading=\"lazy\" decoding=\"async\" class=\"aligncenter wp-image-38385 size-full\" src=\"https:\/\/adanaseshaber.com.tr\/wp-content\/uploads\/2022\/09\/yikildigi-iddia-edilen-kiz-kulesi-ile-ilgili-aciklama-1.jpg\" alt=\"\" width=\"1280\" height=\"720\" srcset=\"https:\/\/adanaseshaber.com.tr\/wp-content\/uploads\/2022\/09\/yikildigi-iddia-edilen-kiz-kulesi-ile-ilgili-aciklama-1.jpg 1280w, https:\/\/adanaseshaber.com.tr\/wp-content\/uploads\/2022\/09\/yikildigi-iddia-edilen-kiz-kulesi-ile-ilgili-aciklama-1-300x169.jpg 300w, https:\/\/adanaseshaber.com.tr\/wp-content\/uploads\/2022\/09\/yikildigi-iddia-edilen-kiz-kulesi-ile-ilgili-aciklama-1-1024x576.jpg 1024w, https:\/\/adanaseshaber.com.tr\/wp-content\/uploads\/2022\/09\/yikildigi-iddia-edilen-kiz-kulesi-ile-ilgili-aciklama-1-768x432.jpg 768w, https:\/\/adanaseshaber.com.tr\/wp-content\/uploads\/2022\/09\/yikildigi-iddia-edilen-kiz-kulesi-ile-ilgili-aciklama-1-390x220.jpg 390w\" sizes=\"auto, (max-width: 1280px) 100vw, 1280px\" \/><\/p>\n<p><strong>KIZ KULES\u0130 YIKILDI \u0130DD\u0130ALARINA YANIT<\/strong><\/p>\n<p>Sosyal medyay\u0131 ikiye b\u00f6len g\u00f6r\u00fcnt\u00fclerin ard\u0131ndan K\u0131z Kulesi\u2019nin y\u0131k\u0131ld\u0131\u011f\u0131 iddialar\u0131 g\u00fcndeme gelirken sosyal medyada tepkilerin \u00e7\u0131\u011f gibi b\u00fcy\u00fcd\u00fc\u011f\u00fc g\u00f6r\u00fcld\u00fc. Gelen tepkilerin ard\u0131ndan K\u00fclt\u00fcr Varl\u0131klar\u0131 ve M\u00fczeler Genel M\u00fcd\u00fcrl\u00fc\u011f\u00fc\u2019nden a\u00e7\u0131klama geldi. S\u00f6z konusu a\u00e7\u0131klamada K\u0131z Kulesi\u2019nin y\u0131k\u0131ld\u0131\u011f\u0131na dair iddialar yalanlan\u0131rken \u00e7al\u0131\u015fmalar\u0131n ise 2022 y\u0131l\u0131n\u0131n sonunda bitece\u011fi aktar\u0131ld\u0131. Restorasyona ve K\u0131z Kulesi\u2019ne ili\u015fkin t\u00fcm belgeler ve geli\u015fmelerin https:\/\/kizkulesi.com\/ sitesinden kamuoyu ile payla\u015f\u0131ld\u0131\u011f\u0131 belirtilirken web sitesinde K\u0131z Kulesi\u2019nin restorasyon \u00e7al\u0131\u015fmalar\u0131 sonras\u0131nda nas\u0131l g\u00f6r\u00fcnece\u011fine dair bir foto\u011frafa da yer verildi.<\/p>\n","protected":false},"excerpt":{"rendered":"<p>Ge\u00e7ti\u011fimiz y\u0131ldan bu yana restorasyonda olan K\u0131z Kulesi\u2019nin y\u0131k\u0131ld\u0131\u011f\u0131na dair iddialar sosyal medyan\u0131n g\u00fcndemine oturmu\u015ftu. K\u0131z Kulesi\u2019nin y\u0131k\u0131ld\u0131\u011f\u0131 iddialar\u0131n\u0131n ard\u0131ndan g\u00f6zler konuyla ilgili yap\u0131lacak a\u00e7\u0131klamaya \u00e7evrilmi\u015fti. K\u00fclt\u00fcr Varl\u0131klar\u0131 ve M\u00fczeler Genel M\u00fcd\u00fcrl\u00fc\u011f\u00fc\u2019nden K\u0131z Kulesi\u2019nin y\u0131k\u0131ld\u0131\u011f\u0131na dair iddialara yan\u0131t geldi. K\u0131z Kulesi\u2019nde K\u00fclt\u00fcr ve Turizm Bakanl\u0131\u011f\u0131 taraf\u0131ndan y\u00fcr\u00fct\u00fclen restorasyon \u00e7al\u0131\u015fmalar\u0131 devam ediyor. K\u0131z Kulesi\u2019nin son g\u00f6r\u00fcnt\u00fcs\u00fc &hellip;<\/p>\n","protected":false},"author":6,"featured_media":38384,"comment_status":"closed","ping_status":"closed","sticky":false,"template":"","format":"standard","meta":{"footnotes":""},"categories":[1],"tags":[],"class_list":["post-38383","post","type-post","status-publish","format-standard","has-post-thumbnail","hentry","category-genel"],"amp_enabled":true,"_links":{"self":[{"href":"https:\/\/adanaseshaber.com.tr\/index.php?rest_route=\/wp\/v2\/posts\/38383","targetHints":{"allow":["GET"]}}],"collection":[{"href":"https:\/\/adanaseshaber.com.tr\/index.php?rest_route=\/wp\/v2\/posts"}],"about":[{"href":"https:\/\/adanaseshaber.com.tr\/index.php?rest_route=\/wp\/v2\/types\/post"}],"author":[{"embeddable":true,"href":"https:\/\/adanaseshaber.com.tr\/index.php?rest_route=\/wp\/v2\/users\/6"}],"replies":[{"embeddable":true,"href":"https:\/\/adanaseshaber.com.tr\/index.php?rest_route=%2Fwp%2Fv2%2Fcomments&post=38383"}],"version-history":[{"count":1,"href":"https:\/\/adanaseshaber.com.tr\/index.php?rest_route=\/wp\/v2\/posts\/38383\/revisions"}],"predecessor-version":[{"id":38387,"href":"https:\/\/adanaseshaber.com.tr\/index.php?rest_route=\/wp\/v2\/posts\/38383\/revisions\/38387"}],"wp:featuredmedia":[{"embeddable":true,"href":"https:\/\/adanaseshaber.com.tr\/index.php?rest_route=\/wp\/v2\/media\/38384"}],"wp:attachment":[{"href":"https:\/\/adanaseshaber.com.tr\/index.php?rest_route=%2Fwp%2Fv2%2Fmedia&parent=38383"}],"wp:term":[{"taxonomy":"category","embeddable":true,"href":"https:\/\/adanaseshaber.com.tr\/index.php?rest_route=%2Fwp%2Fv2%2Fcategories&post=38383"},{"taxonomy":"post_tag","embeddable":true,"href":"https:\/\/adanaseshaber.com.tr\/index.php?rest_route=%2Fwp%2Fv2%2Ftags&post=38383"}],"curies":[{"name":"wp","href":"https:\/\/api.w.org\/{rel}","templated":true}]}}