{"id":39627,"date":"2022-09-09T23:30:56","date_gmt":"2022-09-09T20:30:56","guid":{"rendered":"https:\/\/www.adanaseshaber.com\/?p=39627"},"modified":"2022-09-09T23:30:05","modified_gmt":"2022-09-09T20:30:05","slug":"avcilar-metrobus-kazasindan-sonra-imamoglu-sosyal-medyanin-gundeminde","status":"publish","type":"post","link":"https:\/\/adanaseshaber.com.tr\/?p=39627","title":{"rendered":"Avc\u0131lar metrob\u00fcs kazas\u0131ndan sonra \u0130mamo\u011flu sosyal medyan\u0131n g\u00fcndeminde"},"content":{"rendered":"<p>\u0130stanbul Avc\u0131lar\u2019da \u015e\u00fckr\u00fcbey Metrob\u00fcs Dura\u011f\u0131\u2019nda meydana gelen kaza sonras\u0131nda \u0130stanbul B\u00fc\u00fcyk\u015fehir Belediye Ba\u015fkan\u0131 Ekrem \u0130mamo\u011flu g\u00fcndem oldu. \u0130ki metrob\u00fcs\u00fcn kafa kafaya \u00e7arp\u0131\u015ft\u0131\u011f\u0131 kaza sonras\u0131nda sosyal medyan\u0131n g\u00fcndemine yerle\u015fen \u0130mamo\u011flu ile ilgili binlerce payla\u015f\u0131m yap\u0131ld\u0131. \u0130mamo\u011flu payla\u015f\u0131m\u0131 yapan isimlerden biri de Esenler Belediye Ba\u015fkan\u0131 Mehmet Tevfik G\u00f6ksu oldu.<br \/>\n\u0130stanbul\u2019daki metrob\u00fcs kazas\u0131n\u0131n ard\u0131ndan sosyal medya hesab\u0131 \u00fczerinden payla\u015f\u0131m yapan G\u00f6ksu, \u0130BB Ba\u015fkan\u0131<\/p>\n<p>\u0130mamo\u011flu ve \u0130BB\u2019ye g\u00f6nderme yapt\u0131. \u00d6te yandan kazan\u0131n ard\u0131ndan \u0130BB Ba\u015fkan\u0131 \u0130mamo\u011flu\u2019nun g\u00fcndemin ilk s\u0131ralar\u0131na yerle\u015fti\u011fi g\u00f6r\u00fcld\u00fc. \u00c7ok say\u0131da sosyal medya kullan\u0131c\u0131s\u0131 \u2018\u0130mamo\u011flu nerede?\u2019 sorusunu sordu.<\/p>\n<p><strong>AVCILAR\u2019DA METROB\u00dcS KAZASI<\/strong><\/p>\n<p>\u0130stanbul Avc\u0131lar \u015e\u00fckr\u00fcbey Metrob\u00fcs Dura\u011f\u0131\u2019nda iki metrob\u00fcs\u00fcn kafa kafaya \u00e7arp\u0131\u015fmas\u0131 sonucunda 85 ki\u015fi yaraland\u0131. \u0130lk belirlemelerde 42 ki\u015finin yaral\u0131 oldu\u011fu aktar\u0131l\u0131rken yaral\u0131 say\u0131s\u0131n\u0131n giderek artt\u0131\u011f\u0131 ve maalesef 85\u2019e ula\u015ft\u0131\u011f\u0131 bilgisine ula\u015f\u0131ld\u0131. Avc\u0131lar\u2019da meydana gelen metrob\u00fcs kazas\u0131n\u0131n ard\u0131ndan sosyal medyan\u0131n g\u00fcndemi \u0130stanbul B\u00fcy\u00fck\u015fehir Belediye Ba\u015fkan\u0131 Ekrem \u0130mamo\u011flu oldu. Kaza sebebiyle metrob\u00fcs yolu bir s\u00fcre trafi\u011fe kapat\u0131l\u0131rken metrob\u00fcs seferleri de durdu. Yolda bekleyen metrob\u00fcslerin i\u00e7indeki vatanda\u015flar bir s\u00fcre sonra metrob\u00fcslerden inerek duraklara y\u00fcr\u00fcd\u00fc. Vatanda\u015flar\u0131n metrob\u00fcs yolunda y\u00fcr\u00fcd\u00fc\u011f\u00fc anlar ve k\u0131sa s\u00fcrede ya\u015fanan yo\u011funluk cep telefonu kameralar\u0131na yans\u0131d\u0131.<\/p>\n<p><img loading=\"lazy\" decoding=\"async\" class=\"aligncenter wp-image-39629 size-full\" src=\"https:\/\/adanaseshaber.com.tr\/wp-content\/uploads\/2022\/09\/avcilar-metrobus-kazasindan-sonra-imamoglu-sosyal-medyanin-gundeminde-1.jpg\" alt=\"\" width=\"1280\" height=\"720\" srcset=\"https:\/\/adanaseshaber.com.tr\/wp-content\/uploads\/2022\/09\/avcilar-metrobus-kazasindan-sonra-imamoglu-sosyal-medyanin-gundeminde-1.jpg 1280w, https:\/\/adanaseshaber.com.tr\/wp-content\/uploads\/2022\/09\/avcilar-metrobus-kazasindan-sonra-imamoglu-sosyal-medyanin-gundeminde-1-300x169.jpg 300w, https:\/\/adanaseshaber.com.tr\/wp-content\/uploads\/2022\/09\/avcilar-metrobus-kazasindan-sonra-imamoglu-sosyal-medyanin-gundeminde-1-1024x576.jpg 1024w, https:\/\/adanaseshaber.com.tr\/wp-content\/uploads\/2022\/09\/avcilar-metrobus-kazasindan-sonra-imamoglu-sosyal-medyanin-gundeminde-1-768x432.jpg 768w, https:\/\/adanaseshaber.com.tr\/wp-content\/uploads\/2022\/09\/avcilar-metrobus-kazasindan-sonra-imamoglu-sosyal-medyanin-gundeminde-1-390x220.jpg 390w\" sizes=\"auto, (max-width: 1280px) 100vw, 1280px\" \/><\/p>\n<p><strong>ESENLER BELED\u0130YE BA\u015eKANI\u2019NDAN \u0130MAMO\u011eLU PAYLA\u015eIMI<\/strong><\/p>\n<p>Avc\u0131lar\u2019da meydana gelen kazan\u0131n ard\u0131ndan \u0130BB Ba\u015fkan\u0131 Ekrem \u0130mamo\u011flu sosyal medyan\u0131n g\u00fcndemine yerle\u015firken \u0130mamo\u011flu ile ilgili bir payla\u015f\u0131m da Esenler Belediye Ba\u015fkan\u0131 Mehmet Tevfik G\u00f6ksu\u2019dan geldi. G\u00f6ksu, \u2018\u0130stanbul\u2019da metrob\u00fcsler \u00e7ok b\u00fcy\u00fck bir kaza yapt\u0131. T\u00fcm seferler iptal edildi.42 vatanda\u015f\u0131m\u0131z yaral\u0131, baz\u0131 vatanda\u015flar\u0131m\u0131z\u0131n durumu ise a\u011f\u0131r. \u0130stanbul Valili\u011fimiz ve AFAD \u00e7al\u0131\u015fmalar\u0131 bizzat takip ederken ortada ne \u0130BB Ba\u015fkan\u0131 ne de \u0130BB var.\u2019 ifadelerine yer verdi. \u00d6te yandan \u00e7ok say\u0131da sosyal medya kullan\u0131c\u0131s\u0131n\u0131n da \u2018\u0130mamo\u011flu nerede?\u2019 payla\u015f\u0131m\u0131nda bulundu.<\/p>\n<p>&nbsp;<\/p>\n","protected":false},"excerpt":{"rendered":"<p>\u0130stanbul Avc\u0131lar\u2019da \u015e\u00fckr\u00fcbey Metrob\u00fcs Dura\u011f\u0131\u2019nda meydana gelen kaza sonras\u0131nda \u0130stanbul B\u00fc\u00fcyk\u015fehir Belediye Ba\u015fkan\u0131 Ekrem \u0130mamo\u011flu g\u00fcndem oldu. \u0130ki metrob\u00fcs\u00fcn kafa kafaya \u00e7arp\u0131\u015ft\u0131\u011f\u0131 kaza sonras\u0131nda sosyal medyan\u0131n g\u00fcndemine yerle\u015fen \u0130mamo\u011flu ile ilgili binlerce payla\u015f\u0131m yap\u0131ld\u0131. \u0130mamo\u011flu payla\u015f\u0131m\u0131 yapan isimlerden biri de Esenler Belediye Ba\u015fkan\u0131 Mehmet Tevfik G\u00f6ksu oldu. \u0130stanbul\u2019daki metrob\u00fcs kazas\u0131n\u0131n ard\u0131ndan sosyal medya hesab\u0131 \u00fczerinden &hellip;<\/p>\n","protected":false},"author":6,"featured_media":39628,"comment_status":"closed","ping_status":"closed","sticky":false,"template":"","format":"standard","meta":{"footnotes":""},"categories":[1],"tags":[],"class_list":["post-39627","post","type-post","status-publish","format-standard","has-post-thumbnail","hentry","category-genel"],"amp_enabled":true,"_links":{"self":[{"href":"https:\/\/adanaseshaber.com.tr\/index.php?rest_route=\/wp\/v2\/posts\/39627","targetHints":{"allow":["GET"]}}],"collection":[{"href":"https:\/\/adanaseshaber.com.tr\/index.php?rest_route=\/wp\/v2\/posts"}],"about":[{"href":"https:\/\/adanaseshaber.com.tr\/index.php?rest_route=\/wp\/v2\/types\/post"}],"author":[{"embeddable":true,"href":"https:\/\/adanaseshaber.com.tr\/index.php?rest_route=\/wp\/v2\/users\/6"}],"replies":[{"embeddable":true,"href":"https:\/\/adanaseshaber.com.tr\/index.php?rest_route=%2Fwp%2Fv2%2Fcomments&post=39627"}],"version-history":[{"count":1,"href":"https:\/\/adanaseshaber.com.tr\/index.php?rest_route=\/wp\/v2\/posts\/39627\/revisions"}],"predecessor-version":[{"id":39630,"href":"https:\/\/adanaseshaber.com.tr\/index.php?rest_route=\/wp\/v2\/posts\/39627\/revisions\/39630"}],"wp:featuredmedia":[{"embeddable":true,"href":"https:\/\/adanaseshaber.com.tr\/index.php?rest_route=\/wp\/v2\/media\/39628"}],"wp:attachment":[{"href":"https:\/\/adanaseshaber.com.tr\/index.php?rest_route=%2Fwp%2Fv2%2Fmedia&parent=39627"}],"wp:term":[{"taxonomy":"category","embeddable":true,"href":"https:\/\/adanaseshaber.com.tr\/index.php?rest_route=%2Fwp%2Fv2%2Fcategories&post=39627"},{"taxonomy":"post_tag","embeddable":true,"href":"https:\/\/adanaseshaber.com.tr\/index.php?rest_route=%2Fwp%2Fv2%2Ftags&post=39627"}],"curies":[{"name":"wp","href":"https:\/\/api.w.org\/{rel}","templated":true}]}}