{"id":39931,"date":"2022-09-11T23:17:49","date_gmt":"2022-09-11T20:17:49","guid":{"rendered":"https:\/\/www.adanaseshaber.com\/?p=39931"},"modified":"2022-09-12T00:12:47","modified_gmt":"2022-09-11T21:12:47","slug":"vadi-istanbul-avmde-silahli-catisma-yaralilar-var","status":"publish","type":"post","link":"https:\/\/adanaseshaber.com.tr\/?p=39931","title":{"rendered":"Vadi \u0130stanbul AVM\u2019de silahl\u0131 \u00e7at\u0131\u015fma: Yaral\u0131lar var"},"content":{"rendered":"<p>\u0130stanbul\u2019un g\u00f6be\u011finde AVM\u2019de iki grup aras\u0131nda \u00e7\u0131kan silahl\u0131 \u00e7at\u0131\u015fma g\u00fcvenlik kameralar\u0131na an be an yans\u0131rken \u00e7\u0131kan \u00e7at\u0131\u015fmada yaral\u0131lar oldu\u011fu bilgisine ula\u015f\u0131ld\u0131. B\u00fcy\u00fck korku ve pani\u011fin ya\u015fand\u0131\u011f\u0131 anlarda iki grup aras\u0131ndaki tart\u0131\u015fman\u0131n k\u0131sa s\u00fcrede kavgaya d\u00f6n\u00fc\u015ft\u00fc\u011f\u00fc ve silahlar\u0131n \u00e7ekildi\u011fi g\u00f6r\u00fcld\u00fc. \u0130ki grup aras\u0131nda ya\u015fanan silahl\u0131 \u00e7at\u0131\u015fmada 5 ki\u015fi yaraland\u0131.<\/p>\n<p>G\u00fcvenlik kameralar\u0131na saniye saniye yans\u0131yan \u00e7at\u0131\u015fma an\u0131 \u00e7evredekilere de b\u00fcy\u00fck korku ve panik ya\u015fatt\u0131. Saat 20.00 sular\u0131nda meydana gelen olay\u0131n ard\u0131ndan b\u00f6lgeye \u00e7ok say\u0131da sa\u011fl\u0131k ve polis ekibi sevk edilirken yaral\u0131lar\u0131n olay yerinde yap\u0131lan ilk m\u00fcdahalenin ard\u0131ndan ambulanslarla hastaneye kald\u0131r\u0131ld\u0131\u011f\u0131 bilgisine ula\u015f\u0131ld\u0131.<\/p>\n<p><strong>AVM&#8217;DE S\u0130LAHLI KAVGA<\/strong><\/p>\n<p>\u0130stanbul Sar\u0131yer&#8217;de Vadi \u0130stanbul AVM&#8217;nin kafesinde iki grup aras\u0131nda silahl\u0131 kavga \u00e7\u0131kt\u0131. Aralar\u0131ndaki tart\u0131\u015fma k\u0131sa s\u00fcrede kavgaya d\u00f6nen iki grup aras\u0131nda silahlar konu\u015ftu. Hen\u00fcz bilinmeyen bir nedenle \u00e7\u0131kan kavgada ya\u015fanan silahl\u0131 \u00e7at\u0131\u015fmada 5 ki\u015finin yaraland\u0131\u011f\u0131 bilgisine ula\u015f\u0131ld\u0131.<\/p>\n<p><img loading=\"lazy\" decoding=\"async\" class=\"aligncenter wp-image-39942 size-full\" src=\"https:\/\/adanaseshaber.com.tr\/wp-content\/uploads\/2022\/09\/vadi-istanbul-avmde-silahli-catisma-yaralilar-var-1.jpg\" alt=\"\" width=\"1280\" height=\"720\" srcset=\"https:\/\/adanaseshaber.com.tr\/wp-content\/uploads\/2022\/09\/vadi-istanbul-avmde-silahli-catisma-yaralilar-var-1.jpg 1280w, https:\/\/adanaseshaber.com.tr\/wp-content\/uploads\/2022\/09\/vadi-istanbul-avmde-silahli-catisma-yaralilar-var-1-300x169.jpg 300w, https:\/\/adanaseshaber.com.tr\/wp-content\/uploads\/2022\/09\/vadi-istanbul-avmde-silahli-catisma-yaralilar-var-1-1024x576.jpg 1024w, https:\/\/adanaseshaber.com.tr\/wp-content\/uploads\/2022\/09\/vadi-istanbul-avmde-silahli-catisma-yaralilar-var-1-768x432.jpg 768w, https:\/\/adanaseshaber.com.tr\/wp-content\/uploads\/2022\/09\/vadi-istanbul-avmde-silahli-catisma-yaralilar-var-1-390x220.jpg 390w\" sizes=\"auto, (max-width: 1280px) 100vw, 1280px\" \/><\/p>\n<p><strong>1&#8217;\u0130 A\u011eIR 5 YARALI<\/strong><\/p>\n<p>AVM&#8217;nin kafesinde iki grup aras\u0131nda hen\u00fcz neden \u00e7\u0131kt\u0131\u011f\u0131 bilinmeyen tart\u0131\u015fma kavgaya d\u00f6n\u00fc\u015ft\u00fc. Silahlar\u0131n konu\u015ftu\u011fu kavga g\u00fcvenlik kameralar\u0131na saniye saniye yans\u0131rken \u00e7evredeki vatanda\u015flar da b\u00fcy\u00fck korku ve panik ya\u015fad\u0131. 5 ki\u015finin yaraland\u0131\u011f\u0131 olay\u0131 ihbar alan sa\u011fl\u0131k ve polis ekipleri hemen olay yerine intikal etti. Yaral\u0131lardan 4&#8217;\u00fcn\u00fcn Azerbaycan, 1&#8217;inin ise \u0130ran uyruklu oldu\u011fu \u00f6\u011frenildi. Sa\u011fl\u0131k ekiplerinin olay yerindeki m\u00fcdahalesinin ard\u0131ndan ambulanslarla hastaneye sevk edilen yaral\u0131lardan 1&#8217;inin durumunun a\u011f\u0131r oldu\u011fu \u00f6\u011frenildi.<\/p>\n<p><img loading=\"lazy\" decoding=\"async\" class=\"aligncenter wp-image-39943 size-full\" src=\"https:\/\/adanaseshaber.com.tr\/wp-content\/uploads\/2022\/09\/vadi-istanbul-avmde-silahli-catisma-yaralilar-var-2.jpg\" alt=\"\" width=\"1280\" height=\"720\" srcset=\"https:\/\/adanaseshaber.com.tr\/wp-content\/uploads\/2022\/09\/vadi-istanbul-avmde-silahli-catisma-yaralilar-var-2.jpg 1280w, https:\/\/adanaseshaber.com.tr\/wp-content\/uploads\/2022\/09\/vadi-istanbul-avmde-silahli-catisma-yaralilar-var-2-300x169.jpg 300w, https:\/\/adanaseshaber.com.tr\/wp-content\/uploads\/2022\/09\/vadi-istanbul-avmde-silahli-catisma-yaralilar-var-2-1024x576.jpg 1024w, https:\/\/adanaseshaber.com.tr\/wp-content\/uploads\/2022\/09\/vadi-istanbul-avmde-silahli-catisma-yaralilar-var-2-768x432.jpg 768w, https:\/\/adanaseshaber.com.tr\/wp-content\/uploads\/2022\/09\/vadi-istanbul-avmde-silahli-catisma-yaralilar-var-2-390x220.jpg 390w\" sizes=\"auto, (max-width: 1280px) 100vw, 1280px\" \/><\/p>\n<p><strong>S\u0130LAHLARINI \u00c7EK\u0130P ATE\u015e A\u00c7TILAR<\/strong><\/p>\n<p>Silahl\u0131 kavgan\u0131n ya\u015fand\u0131\u011f\u0131 AVM&#8217;de incelemelerine devam eden polis ekipleri di\u011fer \u015f\u00fcphelileri yakalamak i\u00e7in \u00e7al\u0131\u015fma ba\u015flatt\u0131. \u00d6te yandan AVM2de ya\u015fanan silahl\u0131 kavga s\u0131ras\u0131nda \u00e7evredeki vatanda\u015flar\u0131n korku ve panik anlar\u0131 hem g\u00fcvenlik hem de cep telefonu kameralar\u0131na saniye saniye yans\u0131d\u0131. Kameralara yans\u0131yan g\u00f6r\u00fcnt\u00fclerde kafenin i\u00e7indeki bir grubun ilk olarak aralar\u0131nda s\u00f6zl\u00fc tart\u0131\u015fma ya\u015fad\u0131\u011f\u0131 daha sonra tart\u0131\u015fman\u0131n kavgaya d\u00f6n\u00fc\u015fmesiyle silahlar\u0131n\u0131 \u00e7ekip sa\u011fa sola ate\u015f etmeye ba\u015flad\u0131klar\u0131 g\u00f6r\u00fcld\u00fc. Silahl\u0131 \u00e7at\u0131\u015fma an\u0131nda vatanda\u015flar\u0131n korku ve panik i\u00e7inde sa\u011fa sola ka\u00e7\u0131\u015ft\u0131\u011f\u0131 ve masalar\u0131n alt\u0131na girerek kendilerini korumaya \u00e7al\u0131\u015ft\u0131klar\u0131 da g\u00f6r\u00fcnt\u00fclere yans\u0131d\u0131.<\/p>\n<p>&nbsp;<\/p>\n","protected":false},"excerpt":{"rendered":"<p>\u0130stanbul\u2019un g\u00f6be\u011finde AVM\u2019de iki grup aras\u0131nda \u00e7\u0131kan silahl\u0131 \u00e7at\u0131\u015fma g\u00fcvenlik kameralar\u0131na an be an yans\u0131rken \u00e7\u0131kan \u00e7at\u0131\u015fmada yaral\u0131lar oldu\u011fu bilgisine ula\u015f\u0131ld\u0131. B\u00fcy\u00fck korku ve pani\u011fin ya\u015fand\u0131\u011f\u0131 anlarda iki grup aras\u0131ndaki tart\u0131\u015fman\u0131n k\u0131sa s\u00fcrede kavgaya d\u00f6n\u00fc\u015ft\u00fc\u011f\u00fc ve silahlar\u0131n \u00e7ekildi\u011fi g\u00f6r\u00fcld\u00fc. \u0130ki grup aras\u0131nda ya\u015fanan silahl\u0131 \u00e7at\u0131\u015fmada 5 ki\u015fi yaraland\u0131. G\u00fcvenlik kameralar\u0131na saniye saniye yans\u0131yan \u00e7at\u0131\u015fma an\u0131 &hellip;<\/p>\n","protected":false},"author":6,"featured_media":39932,"comment_status":"closed","ping_status":"closed","sticky":false,"template":"","format":"standard","meta":{"footnotes":""},"categories":[1],"tags":[],"class_list":["post-39931","post","type-post","status-publish","format-standard","has-post-thumbnail","hentry","category-genel"],"amp_enabled":true,"_links":{"self":[{"href":"https:\/\/adanaseshaber.com.tr\/index.php?rest_route=\/wp\/v2\/posts\/39931","targetHints":{"allow":["GET"]}}],"collection":[{"href":"https:\/\/adanaseshaber.com.tr\/index.php?rest_route=\/wp\/v2\/posts"}],"about":[{"href":"https:\/\/adanaseshaber.com.tr\/index.php?rest_route=\/wp\/v2\/types\/post"}],"author":[{"embeddable":true,"href":"https:\/\/adanaseshaber.com.tr\/index.php?rest_route=\/wp\/v2\/users\/6"}],"replies":[{"embeddable":true,"href":"https:\/\/adanaseshaber.com.tr\/index.php?rest_route=%2Fwp%2Fv2%2Fcomments&post=39931"}],"version-history":[{"count":5,"href":"https:\/\/adanaseshaber.com.tr\/index.php?rest_route=\/wp\/v2\/posts\/39931\/revisions"}],"predecessor-version":[{"id":39944,"href":"https:\/\/adanaseshaber.com.tr\/index.php?rest_route=\/wp\/v2\/posts\/39931\/revisions\/39944"}],"wp:featuredmedia":[{"embeddable":true,"href":"https:\/\/adanaseshaber.com.tr\/index.php?rest_route=\/wp\/v2\/media\/39932"}],"wp:attachment":[{"href":"https:\/\/adanaseshaber.com.tr\/index.php?rest_route=%2Fwp%2Fv2%2Fmedia&parent=39931"}],"wp:term":[{"taxonomy":"category","embeddable":true,"href":"https:\/\/adanaseshaber.com.tr\/index.php?rest_route=%2Fwp%2Fv2%2Fcategories&post=39931"},{"taxonomy":"post_tag","embeddable":true,"href":"https:\/\/adanaseshaber.com.tr\/index.php?rest_route=%2Fwp%2Fv2%2Ftags&post=39931"}],"curies":[{"name":"wp","href":"https:\/\/api.w.org\/{rel}","templated":true}]}}