{"id":5423,"date":"2017-03-22T17:23:03","date_gmt":"2017-03-22T14:23:03","guid":{"rendered":"http:\/\/185.149.103.207\/~adanaseshaber\/haber-demiroren-ve-terim-den-ziyaret-6104.html"},"modified":"2017-03-22T17:23:03","modified_gmt":"2017-03-22T14:23:03","slug":"demiroren-ve-terim-den-ziyaret-6104","status":"publish","type":"post","link":"https:\/\/adanaseshaber.com.tr\/?p=5423","title":{"rendered":"DEM\u0130R\u00d6REN VE TER\u0130M\u2019DEN Z\u0130YARET"},"content":{"rendered":"<p><span style=\"font-family:tahoma,geneva,sans-serif\"><span style=\"font-size:22px\"><span style=\"color:#000000\">Antalya B&uuml;y&uuml;k\u015fehir Belediye Ba\u015fkan\u0131 Menderes T&uuml;rel ile Antalyaspor Kul&uuml;b&uuml; Ba\u015fkan\u0131 Ali \u015eafak &Ouml;zt&uuml;rk&rsquo;&uuml;n ev sahipli\u011finde ger&ccedil;ekle\u015fen ziyarette Antalyaspor Vakf\u0131 Ba\u015fkan\u0131 D&uuml;ndar Ulu\u011fkay, Antalyaspor Kul&uuml;b&uuml; Asba\u015fkanlar\u0131 \u0130smail Bilal, Bora Terzio\u011flu, Nurettin &Uuml;nal, \u015eefik &Ouml;z, Antalyaspor Y&ouml;netim Kurulu &uuml;yeleri Sabri &Uuml;nver, Nadire Konuk, Emin Hesap&ccedil;\u0131o\u011flu, Salih Peker, Mehmet Akda\u011f&rsquo;\u0131n ve A Futbol Tak\u0131m Teknik Direkt&ouml;r&uuml; R\u0131za &Ccedil;al\u0131mbay, Sportif Direkt&ouml;r ve Genel Menajer Servet &Ccedil;avu\u015fo\u011flu, Genel Koordinat&ouml;r Oya Ay&ccedil;etin ve Kul&uuml;p Genel M&uuml;d&uuml;r&uuml; Adem Kart da haz\u0131r bulundu.<\/span><\/span><\/span><\/p>\n<p>&nbsp;<\/p>\n<p><span style=\"font-family:tahoma,geneva,sans-serif\"><span style=\"font-size:22px\"><span style=\"color:#000000\"><strong>&ldquo;\u0130Y\u0130 TES\u0130S KAL\u0130TEL\u0130 FUTBOLU VE OYUNCUYU GET\u0130R\u0130R&rdquo;<\/strong><\/span><\/span><\/span><\/p>\n<p><span style=\"font-family:tahoma,geneva,sans-serif\"><span style=\"font-size:22px\"><span style=\"color:#000000\">T&uuml;rkiye Futbol Federasyonu Ba\u015fkan\u0131 Y\u0131ld\u0131r\u0131m Demir&ouml;ren, &ldquo;&Ouml;ncelikle Menderes Ba\u015fkan&rsquo;a b&ouml;yle bir tesis kazand\u0131rd\u0131\u011f\u0131 i&ccedil;in te\u015fekk&uuml;r etmek gerekiyor. Harika bir tesis yaratm\u0131\u015f. Avrupa&rsquo;daki say\u0131l\u0131 futbol kul&uuml;pleri tesislerinden biri olmu\u015f. Her zaman s&ouml;yledi\u011fim gibi; belediyeler kul&uuml;plere maddi kaynak yerine tesis kayna\u011f\u0131 yaratmas\u0131n\u0131n kul&uuml;pler i&ccedil;in uzun vadede &ccedil;ok daha faydal\u0131 olaca\u011f\u0131 d&uuml;\u015f&uuml;ncesindeyim.<\/span><\/span><\/span><\/p>\n<p>&nbsp;<\/p>\n<p><span style=\"font-family:tahoma,geneva,sans-serif\"><span style=\"font-size:22px\"><span style=\"color:#000000\">Ke\u015fke her tak\u0131m\u0131m\u0131z tesislerini yenileyebilse ve belediyeler Anadolu tak\u0131mlar\u0131nda tesisle\u015fme konusunda destek olabilse. \u0130yi tesisler kaliteli futbolu ve oyuncuyu getirir. Bunun sonucunda da T&uuml;rk futbolunun kalitesini y&uuml;kseltir. Ben bu tesisin hem Antalyaspor Kul&uuml;b&uuml;&rsquo;ne hay\u0131rl\u0131 olmas\u0131n\u0131 diliyorum hem de Menderes Ba\u015fkan&rsquo;a spora b&ouml;yle bir katk\u0131 sa\u011flad\u0131\u011f\u0131 i&ccedil;in te\u015fekk&uuml;r ediyorum&rdquo; dedi.<\/span><\/span><\/span><\/p>\n<p>&nbsp;<\/p>\n<p><span style=\"font-family:tahoma,geneva,sans-serif\"><span style=\"font-size:22px\"><span style=\"color:#000000\"><strong>&ldquo;AVRUPA STANDARTLARINDA B\u0130R TES\u0130S OLMU\u015e&rdquo;<\/strong><\/span><\/span><\/span><\/p>\n<p><span style=\"font-family:tahoma,geneva,sans-serif\"><span style=\"font-size:22px\"><span style=\"color:#000000\">Antalyaspor&rsquo;un Atilla Vehbi Konuk Tesisleri&rsquo;nin Avrupa standartlar\u0131nda bir tesis oldu\u011funu ve ziyaretten duydu\u011fu memnuniyeti dile getiren T&uuml;rkiye Futbol Direkt&ouml;r&uuml; Fatih Terim, &ldquo;Ger&ccedil;ekten muhte\u015fem bir tesis olmu\u015f. T&uuml;rkiye&rsquo;nin, b&ouml;yle tesislere ihtiyac\u0131 var. Menderes T&uuml;rel&rsquo;e Antalya&rsquo;ya b&ouml;yle bir tesis kazand\u0131rd\u0131\u011f\u0131 i&ccedil;in te\u015fekk&uuml;r ediyoruz. <\/span><\/span><\/span><\/p>\n<p>&nbsp;<\/p>\n<p><span style=\"font-family:tahoma,geneva,sans-serif\"><span style=\"font-size:22px\"><span style=\"color:#000000\">Ayr\u0131ca Antalyaspor&rsquo;dan eme\u011fi ge&ccedil;en herkese te\u015fekk&uuml;rlerimi iletiyorum. Yeni tesisin, tak\u0131ma da yans\u0131d\u0131\u011f\u0131 ortada. Bu tip yeniliklerin ve tesisle\u015fmenin gerek y&ouml;netime gerek tesise gerek bas\u0131na gerek seyirciye &ouml;nemli bir katk\u0131d\u0131r. Son olarak \u015funu eklemek istiyorum; Atilla Vehbi Konuk Tesisleri Avrupa standartlar\u0131nda bir tesis olmu\u015f. Kul&uuml;p olarak g&uuml;zel neticelere ev sahipli\u011fi yapman\u0131z dile\u011fiyle&rdquo; dedi.<\/span><\/span><\/span><\/p>\n","protected":false},"excerpt":{"rendered":"<p>Antalya B&uuml;y&uuml;k\u015fehir Belediye Ba\u015fkan\u0131 Menderes T&uuml;rel ile Antalyaspor Kul&uuml;b&uuml; Ba\u015fkan\u0131 Ali \u015eafak &Ouml;zt&uuml;rk&rsquo;&uuml;n ev sahipli\u011finde ger&ccedil;ekle\u015fen ziyarette Antalyaspor Vakf\u0131 Ba\u015fkan\u0131 D&uuml;ndar Ulu\u011fkay, Antalyaspor Kul&uuml;b&uuml; Asba\u015fkanlar\u0131 \u0130smail Bilal, Bora Terzio\u011flu, Nurettin &Uuml;nal, \u015eefik &Ouml;z, Antalyaspor Y&ouml;netim Kurulu &uuml;yeleri Sabri &Uuml;nver, Nadire Konuk, Emin Hesap&ccedil;\u0131o\u011flu, Salih Peker, Mehmet Akda\u011f&rsquo;\u0131n ve A Futbol Tak\u0131m Teknik Direkt&ouml;r&uuml; R\u0131za &Ccedil;al\u0131mbay, &hellip;<\/p>\n","protected":false},"author":1,"featured_media":5424,"comment_status":"open","ping_status":"open","sticky":false,"template":"","format":"standard","meta":{"footnotes":""},"categories":[5],"tags":[7809,7810,1911,1987],"class_list":["post-5423","post","type-post","status-publish","format-standard","has-post-thumbnail","hentry","category-spor","tag-demiroren","tag-terimden","tag-ve","tag-ziyaret"],"amp_enabled":true,"_links":{"self":[{"href":"https:\/\/adanaseshaber.com.tr\/index.php?rest_route=\/wp\/v2\/posts\/5423","targetHints":{"allow":["GET"]}}],"collection":[{"href":"https:\/\/adanaseshaber.com.tr\/index.php?rest_route=\/wp\/v2\/posts"}],"about":[{"href":"https:\/\/adanaseshaber.com.tr\/index.php?rest_route=\/wp\/v2\/types\/post"}],"author":[{"embeddable":true,"href":"https:\/\/adanaseshaber.com.tr\/index.php?rest_route=\/wp\/v2\/users\/1"}],"replies":[{"embeddable":true,"href":"https:\/\/adanaseshaber.com.tr\/index.php?rest_route=%2Fwp%2Fv2%2Fcomments&post=5423"}],"version-history":[{"count":0,"href":"https:\/\/adanaseshaber.com.tr\/index.php?rest_route=\/wp\/v2\/posts\/5423\/revisions"}],"wp:featuredmedia":[{"embeddable":true,"href":"https:\/\/adanaseshaber.com.tr\/index.php?rest_route=\/wp\/v2\/media\/5424"}],"wp:attachment":[{"href":"https:\/\/adanaseshaber.com.tr\/index.php?rest_route=%2Fwp%2Fv2%2Fmedia&parent=5423"}],"wp:term":[{"taxonomy":"category","embeddable":true,"href":"https:\/\/adanaseshaber.com.tr\/index.php?rest_route=%2Fwp%2Fv2%2Fcategories&post=5423"},{"taxonomy":"post_tag","embeddable":true,"href":"https:\/\/adanaseshaber.com.tr\/index.php?rest_route=%2Fwp%2Fv2%2Ftags&post=5423"}],"curies":[{"name":"wp","href":"https:\/\/api.w.org\/{rel}","templated":true}]}}