{"id":6036,"date":"2017-04-02T14:56:47","date_gmt":"2017-04-02T11:56:47","guid":{"rendered":"http:\/\/185.149.103.207\/~adanaseshaber\/haber-tercihimiz-dosdogru-partimiz-ve-liderimizin-yanidir-6259.html"},"modified":"2017-04-02T14:56:47","modified_gmt":"2017-04-02T11:56:47","slug":"tercihimiz-dosdogru-partimiz-ve-liderimizin-yanidir-6259","status":"publish","type":"post","link":"https:\/\/adanaseshaber.com.tr\/?p=6036","title":{"rendered":"&#8220;Tercihimiz dosdo\u011fru partimiz ve Liderimizin yan\u0131d\u0131r&#8221;"},"content":{"rendered":"<p><span style=\"font-family:tahoma,geneva,sans-serif\"><span style=\"font-size:22px\"><span style=\"color:#000000\"><strong>&quot;&Uuml;LK&Uuml;C&Uuml; GELENE\u011e\u0130N GERE\u011e\u0130D\u0130R&quot;<\/strong><\/span><\/span><\/span><\/p>\n<p><span style=\"font-family:tahoma,geneva,sans-serif\"><span style=\"font-size:22px\"><span style=\"color:#000000\">&Uuml;lk&uuml; Ocaklar\u0131 Adana eski il ve il&ccedil;e ba\u015fkanlar\u0131 kahvalt\u0131l\u0131 programda bir araya geldi. Programa MHP Osmaniye Milletvekili Ruhi Ersoy da kat\u0131ld\u0131. Ceyhan &Uuml;lk&uuml; Oca\u011f\u0131 eski ba\u015fkan\u0131 olarak programa kat\u0131lan Adana B&uuml;y&uuml;k\u015fehir Belediye Ba\u015fkan\u0131 H&uuml;seyin S&ouml;zl&uuml; konu\u015fmas\u0131nda &Uuml;lk&uuml; Ocaklar\u0131&#39;n\u0131n gelene\u011finde T&uuml;rkiye&#39;nin gelece\u011fini ilgilendiren hassas konularla ilgili yap\u0131lan isti\u015fare toplant\u0131lar\u0131n\u0131n b&uuml;y&uuml;k bir &ouml;nem ta\u015f\u0131d\u0131\u011f\u0131n\u0131 vurgulad\u0131.<\/span><\/span><\/span><\/p>\n<p>&nbsp;<\/p>\n<p><span style=\"font-family:tahoma,geneva,sans-serif\"><span style=\"font-size:22px\"><span style=\"color:#000000\"><strong>&quot;&Uuml;LK&Uuml;C&Uuml; HAREKET\u0130N &Ouml;\u011eRET\u0130LER\u0130YLE HAREKET EDECE\u011e\u0130Z&quot;<\/strong><\/span><\/span><\/span><\/p>\n<p><span style=\"font-family:tahoma,geneva,sans-serif\"><span style=\"font-size:22px\"><span style=\"color:#000000\">T&uuml;rkiye&#39;nin kendi i&ccedil;erisinde ve &ccedil;evresinde &ouml;nemli olaylar ya\u015fad\u0131\u011f\u0131n\u0131 ifade eden Ba\u015fkan S&ouml;zl&uuml;, &quot;Dost d&uuml;\u015fman hepsi birbirine kar\u0131\u015ft\u0131. Bunlar\u0131 ay\u0131rt etmek noktas\u0131nda muhakkak ki &uuml;lk&uuml;c&uuml; hareketin temel &ouml;\u011freti noktas\u0131nda &ouml;\u011frendiklerimizle dikkatli olmak, fark\u0131ndal\u0131\u011f\u0131m\u0131z\u0131 artt\u0131rmak durumunday\u0131z. T&uuml;rkiye&rsquo;nin kendi i&ccedil; \u015fartlar\u0131 gere\u011fi iktidara veya egemen g&uuml;&ccedil;lere kar\u015f\u0131 g&ouml;r&uuml;\u015f ve fikir ayr\u0131l\u0131\u011f\u0131m\u0131z olabilir.&nbsp; Ama &uuml;lkemizin birli\u011fi ve b&uuml;t&uuml;nl&uuml;\u011f&uuml;, T&uuml;rkiye Cumhuriyeti&rsquo;nin &uuml;niter yap\u0131s\u0131, gelecekte bunu tehlikeye sokacak her t&uuml;rl&uuml; d&uuml;\u015fmanca haz\u0131rl\u0131\u011f\u0131 g&ouml;rebilme feraseti, ileri g&ouml;r&uuml;\u015fl&uuml;l&uuml;\u011f&uuml;ne sahip olma durumunday\u0131z&quot; diyerek milli birlik ve beraberli\u011fin &ouml;nemine de\u011findi.<\/span><\/span><\/span><\/p>\n<p>&nbsp;<\/p>\n<p><span style=\"font-family:tahoma,geneva,sans-serif\"><span style=\"font-size:22px\"><span style=\"color:#000000\"><strong>&quot;MHP YOK ED\u0130LMEK \u0130STEN\u0130YOR&quot;<\/strong><\/span><\/span><\/span><\/p>\n<p><span style=\"font-family:tahoma,geneva,sans-serif\"><span style=\"font-size:22px\"><span style=\"color:#000000\">MHP Lideri Devlet Bah&ccedil;eli&#39;nin ge&ccedil;mi\u015ften bu yana &uuml;lke g&uuml;ndemi ile ilgili iktidara yapt\u0131\u011f\u0131 uyar\u0131larda hakl\u0131l\u0131\u011f\u0131n\u0131n bug&uuml;n herkes taraf\u0131ndan g&ouml;zle g&ouml;r&uuml;l&uuml;r hale geldi\u011fini belirten Ba\u015fkan S&ouml;zl&uuml;, &quot;MHP yedi d&uuml;velin Osmanl\u0131&#39;y\u0131, T&uuml;rk Milleti&#39;ni par&ccedil;alay\u0131p b&ouml;l&uuml;\u015fmek istedi\u011fi gibi T&uuml;rkiye&rsquo;nin gelecek siyasi yap\u0131lanmas\u0131nda rol almak isteyen akt&ouml;rlerin, d\u0131\u015f g&uuml;&ccedil;lerin payla\u015fmak istedi\u011fi yok etmek istedi\u011fi bir&nbsp; siyasi akt&ouml;rd&uuml;r.&nbsp;<\/span><\/span><\/span><span style=\"color:rgb(0, 0, 0); font-family:tahoma,geneva,sans-serif; font-size:22px\">MHP&rsquo;nin yok edildi\u011fi gelecek planlamalar\u0131 elbette bu planlaman\u0131n bizatihi sahipleri ve uygulay\u0131c\u0131lar\u0131 taraf\u0131ndan tercih edilmektedir. <\/span><\/p>\n<p>&nbsp;<\/p>\n<p><span style=\"color:rgb(0, 0, 0); font-family:tahoma,geneva,sans-serif; font-size:22px\">Onun i&ccedil;in bu referandum s&uuml;reci i&ccedil;erisinde MHP mensuplar\u0131, camian\u0131n birli\u011fi noktas\u0131nda dikkatli bir &uuml;slup kullanmal\u0131, bizim i&ccedil;in kutsallar\u0131 arka arkaya s\u0131ralayarak, Devlet i&ccedil;in, Millet i&ccedil;in, Cumhuriyet i&ccedil;in, &Uuml;lkemizin bekas\u0131 i&ccedil;in Evet diyen Say\u0131n Genel Ba\u015fkan\u0131m\u0131z\u0131n mesaj\u0131n\u0131 iyi anlamal\u0131, hareketin birli\u011fi noktas\u0131nda m&uuml;tereddit davranmamal\u0131d\u0131r. Tercihimiz dosdo\u011fru partimizin ve Liderimizin yan\u0131nda olmal\u0131d\u0131r&quot; dedi.<\/span><\/p>\n","protected":false},"excerpt":{"rendered":"<p>&quot;&Uuml;LK&Uuml;C&Uuml; GELENE\u011e\u0130N GERE\u011e\u0130D\u0130R&quot; &Uuml;lk&uuml; Ocaklar\u0131 Adana eski il ve il&ccedil;e ba\u015fkanlar\u0131 kahvalt\u0131l\u0131 programda bir araya geldi. Programa MHP Osmaniye Milletvekili Ruhi Ersoy da kat\u0131ld\u0131. Ceyhan &Uuml;lk&uuml; Oca\u011f\u0131 eski ba\u015fkan\u0131 olarak programa kat\u0131lan Adana B&uuml;y&uuml;k\u015fehir Belediye Ba\u015fkan\u0131 H&uuml;seyin S&ouml;zl&uuml; konu\u015fmas\u0131nda &Uuml;lk&uuml; Ocaklar\u0131&#39;n\u0131n gelene\u011finde T&uuml;rkiye&#39;nin gelece\u011fini ilgilendiren hassas konularla ilgili yap\u0131lan isti\u015fare toplant\u0131lar\u0131n\u0131n b&uuml;y&uuml;k bir &ouml;nem ta\u015f\u0131d\u0131\u011f\u0131n\u0131 &hellip;<\/p>\n","protected":false},"author":1,"featured_media":6038,"comment_status":"open","ping_status":"open","sticky":false,"template":"","format":"standard","meta":{"footnotes":""},"categories":[51],"tags":[8309,8310,8312,8311,1911,8313],"class_list":["post-6036","post","type-post","status-publish","format-standard","has-post-thumbnail","hentry","category-buyuksehir","tag-tercihimiz","tag-dosdogru","tag-liderimizin","tag-partimiz","tag-ve","tag-yanidir"],"amp_enabled":true,"_links":{"self":[{"href":"https:\/\/adanaseshaber.com.tr\/index.php?rest_route=\/wp\/v2\/posts\/6036","targetHints":{"allow":["GET"]}}],"collection":[{"href":"https:\/\/adanaseshaber.com.tr\/index.php?rest_route=\/wp\/v2\/posts"}],"about":[{"href":"https:\/\/adanaseshaber.com.tr\/index.php?rest_route=\/wp\/v2\/types\/post"}],"author":[{"embeddable":true,"href":"https:\/\/adanaseshaber.com.tr\/index.php?rest_route=\/wp\/v2\/users\/1"}],"replies":[{"embeddable":true,"href":"https:\/\/adanaseshaber.com.tr\/index.php?rest_route=%2Fwp%2Fv2%2Fcomments&post=6036"}],"version-history":[{"count":0,"href":"https:\/\/adanaseshaber.com.tr\/index.php?rest_route=\/wp\/v2\/posts\/6036\/revisions"}],"wp:featuredmedia":[{"embeddable":true,"href":"https:\/\/adanaseshaber.com.tr\/index.php?rest_route=\/wp\/v2\/media\/6038"}],"wp:attachment":[{"href":"https:\/\/adanaseshaber.com.tr\/index.php?rest_route=%2Fwp%2Fv2%2Fmedia&parent=6036"}],"wp:term":[{"taxonomy":"category","embeddable":true,"href":"https:\/\/adanaseshaber.com.tr\/index.php?rest_route=%2Fwp%2Fv2%2Fcategories&post=6036"},{"taxonomy":"post_tag","embeddable":true,"href":"https:\/\/adanaseshaber.com.tr\/index.php?rest_route=%2Fwp%2Fv2%2Ftags&post=6036"}],"curies":[{"name":"wp","href":"https:\/\/api.w.org\/{rel}","templated":true}]}}