{"id":6377,"date":"2017-04-09T09:11:19","date_gmt":"2017-04-09T06:11:19","guid":{"rendered":"http:\/\/185.149.103.207\/~adanaseshaber\/haber-adana-kultur-sanat-zenginidir-6349.html"},"modified":"2017-04-09T09:11:19","modified_gmt":"2017-04-09T06:11:19","slug":"adana-kultur-sanat-zenginidir-6349","status":"publish","type":"post","link":"https:\/\/adanaseshaber.com.tr\/?p=6377","title":{"rendered":"\u201cAdana, k\u00fclt\u00fcr-sanat zenginidir\u201d"},"content":{"rendered":"<p><span style=\"font-family:tahoma,geneva,sans-serif\"><span style=\"font-size:22px\"><span style=\"color:#000000\">Cumhuriyet Halk Partisi (CHP) Adana Milletvekili Z&uuml;lfikar \u0130n&ouml;n&uuml; T&uuml;mer, Adana&rsquo;da bu y\u0131l 5. kez d&uuml;zenlenen ve t&uuml;m d&uuml;nyaya yay\u0131lan Portakal &Ccedil;i&ccedil;e\u011fi Karnaval\u0131&rsquo;na kat\u0131lan vatanda\u015flar\u0131 ve a&ccedil;\u0131lan standlar\u0131 tek tek ziyaret etti. T&uuml;mer, Portakal &Ccedil;i&ccedil;e\u011fi Karnaval\u0131 kapsam\u0131nda Ziyapa\u015fa Bulvar\u0131&rsquo;nda yap\u0131lan &lsquo;A\u015fk ve Sadakat K&ouml;pr&uuml;s&uuml;&rsquo;n&uuml;n a&ccedil;\u0131l\u0131\u015f t&ouml;renine de kat\u0131ld\u0131.<\/span><\/span><\/span><br \/>\n&nbsp;<\/p>\n<p>&nbsp;<\/p>\n<p><span style=\"font-family:tahoma,geneva,sans-serif\"><span style=\"font-size:22px\"><span style=\"color:#000000\">T&uuml;rkiye&rsquo;nin ve Adana&rsquo;n\u0131n zorlu g&uuml;nler ya\u015fad\u0131\u011f\u0131 bir s&uuml;re&ccedil;te d&uuml;zenlenen Portakal &Ccedil;i&ccedil;e\u011fi Karnaval\u0131&rsquo;n\u0131n yeni bir ba\u015flang\u0131&ccedil;, yeni bir umut ve mutluluk kayna\u011f\u0131 olmas\u0131n\u0131 dileyen T&uuml;mer, kent tan\u0131t\u0131m\u0131na olumlu katk\u0131 sunan karnaval\u0131 d&uuml;zenleyenlere te\u015fekk&uuml;r etti.<\/span><\/span><\/span><br \/>\n&nbsp;<\/p>\n<p>&nbsp;<\/p>\n<p><span style=\"font-family:tahoma,geneva,sans-serif\"><span style=\"font-size:22px\"><span style=\"color:#000000\"><strong>&ldquo;KARNAVAL, SEV\u0130N&Ccedil; KAYNA\u011eIDIR&rdquo;<\/strong><br \/>\nAdana Galeria civar\u0131nda ger&ccedil;ekle\u015ftirilen karnavala CHP Adana \u0130l Ba\u015fkan\u0131 Ayhan Barut, \u0130l Gen&ccedil;lik Kollar\u0131 Ba\u015fkan\u0131 Alaattin Solmaz, \u0130l y&ouml;neticileri, CHP Seyhan Gen&ccedil;lik Kollar\u0131 Ba\u015fkan\u0131 Hamdin &Ouml;ztep ve gen&ccedil; partilileriyle birlikte kat\u0131lan, karnavalda kar\u015f\u0131la\u015ft\u0131klar\u0131 Seyhan il&ccedil;e ve kad\u0131n kollar\u0131 ile Adana Kad\u0131n G&uuml;c&uuml; Platformu &uuml;yeleri ile birlikte gen&ccedil;lerle sohbet eden, &ccedil;e\u015fitli kurum ve kurulu\u015flar ve vatanda\u015flar\u0131n a&ccedil;t\u0131\u011f\u0131 standlardaki &uuml;r&uuml;nleri inceleyen T&uuml;mer, herkesin her kesimin karnavala sahip &ccedil;\u0131kmas\u0131 gerekti\u011fini vurgulad\u0131.<\/span><\/span><\/span><br \/>\n&nbsp;<\/p>\n<p>&nbsp;<\/p>\n<p><span style=\"font-family:tahoma,geneva,sans-serif\"><span style=\"font-size:22px\"><span style=\"color:#000000\">Dil, din, \u0131rk ve renk fark\u0131 g&ouml;zetmeksizin insanlar\u0131n bir arada, karde\u015f&ccedil;e ya\u015fayabilece\u011fine g&uuml;zel bir &ouml;rnek sunan karnaval\u0131n T&uuml;rkiye&rsquo;de ilk ve tek olarak Adana&rsquo;da d&uuml;zenlenmesinin de ayr\u0131 bir sevin&ccedil; kayna\u011f\u0131 oldu\u011funu ifade eden T&uuml;mer, Adana&rsquo;n\u0131n zengin k&uuml;lt&uuml;r ve sanat mozai\u011fiyle &ouml;ne &ccedil;\u0131kt\u0131\u011f\u0131n\u0131 dile getirdi.<\/span><\/span><\/span><br \/>\n&nbsp;<\/p>\n<p>&nbsp;<\/p>\n<p><span style=\"font-family:tahoma,geneva,sans-serif\"><span style=\"font-size:22px\"><span style=\"color:#000000\"><strong>BARUT, TE\u015eEKK&Uuml;R ETT\u0130<\/strong><br \/>\nCHP \u0130l Ba\u015fkan\u0131 Ayhan Barut ise T&uuml;rkiye&rsquo;nin ve &ccedil;ocuklar\u0131n gelece\u011fi i&ccedil;in &ccedil;al\u0131\u015fmalar\u0131n\u0131 titizlikle s&uuml;rd&uuml;rd&uuml;klerini s&ouml;yledi. T&uuml;rkiye&rsquo;nin tek karnaval\u0131n\u0131n Adana i&ccedil;in yeni ba\u015flang\u0131&ccedil;lar getirmesini dileyen Barut, vatanda\u015f\u0131n biraz olsun y&uuml;z&uuml;n&uuml;n g&uuml;lmesini sa\u011flayanlara te\u015fekk&uuml;r etti.<\/span><\/span><\/span><\/p>\n","protected":false},"excerpt":{"rendered":"<p>Cumhuriyet Halk Partisi (CHP) Adana Milletvekili Z&uuml;lfikar \u0130n&ouml;n&uuml; T&uuml;mer, Adana&rsquo;da bu y\u0131l 5. kez d&uuml;zenlenen ve t&uuml;m d&uuml;nyaya yay\u0131lan Portakal &Ccedil;i&ccedil;e\u011fi Karnaval\u0131&rsquo;na kat\u0131lan vatanda\u015flar\u0131 ve a&ccedil;\u0131lan standlar\u0131 tek tek ziyaret etti. T&uuml;mer, Portakal &Ccedil;i&ccedil;e\u011fi Karnaval\u0131 kapsam\u0131nda Ziyapa\u015fa Bulvar\u0131&rsquo;nda yap\u0131lan &lsquo;A\u015fk ve Sadakat K&ouml;pr&uuml;s&uuml;&rsquo;n&uuml;n a&ccedil;\u0131l\u0131\u015f t&ouml;renine de kat\u0131ld\u0131. &nbsp; &nbsp; T&uuml;rkiye&rsquo;nin ve Adana&rsquo;n\u0131n zorlu g&uuml;nler ya\u015fad\u0131\u011f\u0131 &hellip;<\/p>\n","protected":false},"author":1,"featured_media":6378,"comment_status":"open","ping_status":"open","sticky":false,"template":"","format":"standard","meta":{"footnotes":""},"categories":[10],"tags":[1937,8589,8590],"class_list":["post-6377","post","type-post","status-publish","format-standard","has-post-thumbnail","hentry","category-siyaset","tag-adana","tag-kultur-sanat","tag-zenginidir"],"amp_enabled":true,"_links":{"self":[{"href":"https:\/\/adanaseshaber.com.tr\/index.php?rest_route=\/wp\/v2\/posts\/6377","targetHints":{"allow":["GET"]}}],"collection":[{"href":"https:\/\/adanaseshaber.com.tr\/index.php?rest_route=\/wp\/v2\/posts"}],"about":[{"href":"https:\/\/adanaseshaber.com.tr\/index.php?rest_route=\/wp\/v2\/types\/post"}],"author":[{"embeddable":true,"href":"https:\/\/adanaseshaber.com.tr\/index.php?rest_route=\/wp\/v2\/users\/1"}],"replies":[{"embeddable":true,"href":"https:\/\/adanaseshaber.com.tr\/index.php?rest_route=%2Fwp%2Fv2%2Fcomments&post=6377"}],"version-history":[{"count":0,"href":"https:\/\/adanaseshaber.com.tr\/index.php?rest_route=\/wp\/v2\/posts\/6377\/revisions"}],"wp:featuredmedia":[{"embeddable":true,"href":"https:\/\/adanaseshaber.com.tr\/index.php?rest_route=\/wp\/v2\/media\/6378"}],"wp:attachment":[{"href":"https:\/\/adanaseshaber.com.tr\/index.php?rest_route=%2Fwp%2Fv2%2Fmedia&parent=6377"}],"wp:term":[{"taxonomy":"category","embeddable":true,"href":"https:\/\/adanaseshaber.com.tr\/index.php?rest_route=%2Fwp%2Fv2%2Fcategories&post=6377"},{"taxonomy":"post_tag","embeddable":true,"href":"https:\/\/adanaseshaber.com.tr\/index.php?rest_route=%2Fwp%2Fv2%2Ftags&post=6377"}],"curies":[{"name":"wp","href":"https:\/\/api.w.org\/{rel}","templated":true}]}}