{"id":6731,"date":"2017-04-17T13:15:01","date_gmt":"2017-04-17T10:15:01","guid":{"rendered":"http:\/\/185.149.103.207\/~adanaseshaber\/haber-adana-hayirseverligini-gosterdi-6440.html"},"modified":"2017-04-17T13:15:01","modified_gmt":"2017-04-17T10:15:01","slug":"adana-hayirseverligini-gosterdi-6440","status":"publish","type":"post","link":"https:\/\/adanaseshaber.com.tr\/?p=6731","title":{"rendered":"Adana hay\u0131rseverli\u011fini g\u00f6sterdi"},"content":{"rendered":"<p><span style=\"font-family:tahoma,geneva,sans-serif\"><span style=\"font-size:22px\"><span style=\"color:#000000\">CHP Adana \u0130l &Ouml;rg&uuml;t&uuml; olarak 5 Ocak&rsquo;tan bu yana alanlarda &ldquo;hay\u0131r&rdquo; i&ccedil;in &ccedil;al\u0131\u015ft\u0131klar\u0131n\u0131 dile getiren Barut, di\u011fer siyasi partilerin, demokratik kitle ve sivil toplum &ouml;rg&uuml;tlerinin de katk\u0131lar\u0131yla Adana&rsquo;da ba\u015far\u0131n\u0131n elde edildi\u011fini kaydetti. Barut, &ldquo;Bu s&uuml;re&ccedil;te i&ccedil;imizdeki Cumhuriyet ve demokrasi sevdas\u0131na inand\u0131k. Vicdan\u0131m\u0131z\u0131n sesine, emperyalizme kar\u015f\u0131 boyun e\u011fmeyen, ba\u011f\u0131ms\u0131zl\u0131k ve &ouml;zg&uuml;rl&uuml;k i&ccedil;in can\u0131n\u0131 feda edebilecek kadar y&uuml;rekli vatansever milletimize g&uuml;vendik&rdquo; dedi.<\/span><\/span><\/span><\/p>\n<p><span style=\"font-family:tahoma,geneva,sans-serif\"><span style=\"font-size:22px\"><span style=\"color:#000000\"><strong>&ldquo;ADANA HAYIRSEVERL\u0130\u011e\u0130N\u0130 G&Ouml;STERD\u0130&rdquo;<\/strong><\/span><\/span><\/span><\/p>\n<p><span style=\"font-family:tahoma,geneva,sans-serif\"><span style=\"font-size:22px\"><span style=\"color:#000000\">Adana&#39;da y&uuml;zde 58.19 oran\u0131nda &lsquo;Hay\u0131r&rsquo; &ccedil;\u0131kt\u0131\u011f\u0131na i\u015faret eden Barut,&nbsp; &ldquo;Adana, cumhuriyetten, demokrasiden, &ouml;zg&uuml;rl&uuml;klerden yana tavr\u0131n\u0131 ortaya koyarak hay\u0131rseverli\u011fini g&ouml;sterdi. Adana&rsquo;da elde edilen ba\u015far\u0131n\u0131n, T&uuml;rkiye genelindeki sonu&ccedil;la &ouml;rt&uuml;\u015f&uuml;p ta&ccedil;lanmas\u0131 en b&uuml;y&uuml;k arzumuzdu. Bu ba\u015far\u0131 o zaman anlam kazanacakt\u0131&rdquo; diye konu\u015ftu.<\/span><\/span><\/span><\/p>\n<p><span style=\"font-family:tahoma,geneva,sans-serif\"><span style=\"font-size:22px\"><span style=\"color:#000000\"><strong>TE\u015eEKK&Uuml;R<\/strong><\/span><\/span><\/span><\/p>\n<p><span style=\"font-family:tahoma,geneva,sans-serif\"><span style=\"font-size:22px\"><span style=\"color:#000000\">Hay\u0131rl\u0131 bir gelecek i&ccedil;in aylard\u0131r alanlarda ter d&ouml;ken CHP ve di\u011fer siyasi partilere mensup vatansever yurtta\u015flara, demokratik kitle ve sivil toplum &ouml;rg&uuml;tlerine tek tek te\u015fekk&uuml;r eden Barut, &ldquo;Bu ba\u015far\u0131da, her t&uuml;rl&uuml; bask\u0131ya g&ouml;\u011f&uuml;s gererek, e\u015fit ve adil olmayan propaganda s&uuml;recinde &lsquo;Hay\u0131r&rsquo;l\u0131 &ccedil;al\u0131\u015fmalara yer veren bas\u0131n kurulu\u015flar\u0131na ve &ccedil;al\u0131\u015fanlar\u0131na, &ccedil;ocuklar\u0131n\u0131n gelece\u011finden endi\u015fe edip, onlara ya\u015fanabilir, demokratik, &ouml;zg&uuml;rl&uuml;k&ccedil;&uuml; bir &uuml;lke b\u0131rakmak i&ccedil;in m&uuml;cadele eden annelere, babalara da te\u015fekk&uuml;r ediyorum&rdquo; diye konu\u015ftu.<\/span><\/span><\/span><\/p>\n<p>&nbsp;<\/p>\n<p><span style=\"font-family:tahoma,geneva,sans-serif\"><span style=\"font-size:22px\"><span style=\"color:#000000\"><strong>&ldquo;K\u0130MSEY\u0130 &Ouml;TEK\u0130LE\u015eT\u0130RMED\u0130K&rdquo;<\/strong><\/span><\/span><\/span><\/p>\n<p><span style=\"font-family:tahoma,geneva,sans-serif\"><span style=\"font-size:22px\"><span style=\"color:#000000\">CHP olarak hi&ccedil; kimseyi verdi\u011fi oydan, sahip oldu\u011fu siyasi g&ouml;r&uuml;\u015ften ya da farkl\u0131 kimliklerinden dolay\u0131 &ouml;tekile\u015ftirmediklerini kaydeden Barut, &ldquo;Evet oyu kullanan\u0131n da hay\u0131r oyu kullanan\u0131n da ba\u015f\u0131m\u0131z\u0131n &uuml;st&uuml;nde yeri var&rdquo; diye konu\u015ftu.<\/span><\/span><\/span><\/p>\n<p>&nbsp;<\/p>\n<p><span style=\"font-family:tahoma,geneva,sans-serif\"><span style=\"font-size:22px\"><span style=\"color:#000000\"><strong>&ldquo;YSK&rsquo;NIN KARARLARI SONU&Ccedil;LARA G&Ouml;LGE D&Uuml;\u015e&Uuml;RD&Uuml;&rdquo;<\/strong><\/span><\/span><\/span><\/p>\n<p><span style=\"font-family:tahoma,geneva,sans-serif\"><span style=\"font-size:22px\"><span style=\"color:#000000\">Adana&rsquo;da sand\u0131k g&uuml;venli\u011fiyle ilgili kent merkezinde ciddi anlamda sorun ya\u015fanmad\u0131\u011f\u0131n\u0131n, &ouml;nemli sorunlar\u0131n k\u0131rsal il&ccedil;elerde ya\u015fand\u0131\u011f\u0131n\u0131n alt\u0131n\u0131 &ccedil;izen Barut, &ldquo;Ne yaz\u0131k ki &uuml;lke genelinde ya\u015fanan sorunlar ve &ouml;zellikle de Y&uuml;ksek Se&ccedil;im Kurulu&rsquo;nun ald\u0131\u011f\u0131 karar millet iradesine darbe vurmu\u015f ve d&uuml;n yap\u0131lan halk oylamas\u0131n\u0131n me\u015fruiyetini tart\u0131\u015fmal\u0131 hale getirmi\u015ftir. YSK&rsquo;n\u0131n bundan sonra yapaca\u011f\u0131 se&ccedil;imlere de \u015fimdiden g&ouml;lge d&uuml;\u015fm&uuml;\u015ft&uuml;r. Bug&uuml;nden itibaren yap\u0131lacak t&uuml;m se&ccedil;imler halk\u0131n g&ouml;z&uuml;nde \u015faibeli olacakt\u0131r&rdquo; ifadelerini kulland\u0131.<\/span><\/span><\/span><\/p>\n<p>&nbsp;<\/p>\n<p><span style=\"font-family:tahoma,geneva,sans-serif\"><span style=\"font-size:22px\"><span style=\"color:#000000\"><strong>&ldquo;M&Uuml;CADELEM\u0130ZDEN VAZGE&Ccedil;MEYECE\u011e\u0130Z&rdquo;<\/strong><\/span><\/span><\/span><\/p>\n<p><span style=\"font-family:tahoma,geneva,sans-serif\"><span style=\"font-size:22px\"><span style=\"color:#000000\">Evet kampanyas\u0131n\u0131 y&uuml;r&uuml;ten AKP, MHP ve BBP&rsquo;nin, d&uuml;n oylama ve say\u0131m s\u0131ras\u0131nda ya\u015fanan olaylarla, me\u015fruiyeti tart\u0131\u015fmal\u0131 hale gelen se&ccedil;im sonu&ccedil;lar\u0131n\u0131 do\u011fru ve iyi de\u011ferlendirmesi gerekti\u011finin alt\u0131n\u0131 &ccedil;izen Barut, &ldquo;Cumhuriyete inanm\u0131\u015f, demokrasiyi &ouml;z&uuml;msemi\u015f, &ouml;zg&uuml;rl&uuml;kten yana, ayd\u0131n, yurtsever insanlar olarak bug&uuml;ne kadar s&uuml;rd&uuml;rd&uuml;\u011f&uuml;m&uuml;z demokrasi m&uuml;cadelemizi bundan sonra da s&uuml;rd&uuml;rece\u011fiz. <\/span><\/span><\/span><\/p>\n<p>&nbsp;<\/p>\n<p><span style=\"font-family:tahoma,geneva,sans-serif\"><span style=\"font-size:22px\"><span style=\"color:#000000\">Bu m&uuml;cadelenin en b&uuml;y&uuml;k g&uuml;c&uuml; de, y&uuml;re\u011finde Atat&uuml;rk ve Cumhuriyet sevgisi ta\u015f\u0131yan, vicdanl\u0131, yurtsever insanlar\u0131n varl\u0131\u011f\u0131d\u0131r. Cumhuriyet ve demokrasi ortak paydas\u0131nda, &uuml;lkemizi &ccedil;a\u011fda\u015f medeniyet hedefine, &lsquo;Yurtta Bar\u0131\u015f, D&uuml;nyada Bar\u0131\u015f&rsquo; \u015fiar\u0131yla ta\u015f\u0131ma kararl\u0131l\u0131\u011f\u0131m\u0131z\u0131 hep birlikte s&uuml;rd&uuml;rece\u011fiz. Ba\u015fka bir T&uuml;rkiye yok ve T&uuml;rkiye hepimizin&rdquo; ifadelerini kulland\u0131.<\/span><\/span><\/span><\/p>\n","protected":false},"excerpt":{"rendered":"<p>CHP Adana \u0130l &Ouml;rg&uuml;t&uuml; olarak 5 Ocak&rsquo;tan bu yana alanlarda &ldquo;hay\u0131r&rdquo; i&ccedil;in &ccedil;al\u0131\u015ft\u0131klar\u0131n\u0131 dile getiren Barut, di\u011fer siyasi partilerin, demokratik kitle ve sivil toplum &ouml;rg&uuml;tlerinin de katk\u0131lar\u0131yla Adana&rsquo;da ba\u015far\u0131n\u0131n elde edildi\u011fini kaydetti. Barut, &ldquo;Bu s&uuml;re&ccedil;te i&ccedil;imizdeki Cumhuriyet ve demokrasi sevdas\u0131na inand\u0131k. Vicdan\u0131m\u0131z\u0131n sesine, emperyalizme kar\u015f\u0131 boyun e\u011fmeyen, ba\u011f\u0131ms\u0131zl\u0131k ve &ouml;zg&uuml;rl&uuml;k i&ccedil;in can\u0131n\u0131 feda edebilecek kadar &hellip;<\/p>\n","protected":false},"author":1,"featured_media":6733,"comment_status":"open","ping_status":"open","sticky":false,"template":"","format":"standard","meta":{"footnotes":""},"categories":[10],"tags":[1937,8855,8854],"class_list":["post-6731","post","type-post","status-publish","format-standard","has-post-thumbnail","hentry","category-siyaset","tag-adana","tag-gosterdi","tag-hayirseverligini"],"amp_enabled":true,"_links":{"self":[{"href":"https:\/\/adanaseshaber.com.tr\/index.php?rest_route=\/wp\/v2\/posts\/6731","targetHints":{"allow":["GET"]}}],"collection":[{"href":"https:\/\/adanaseshaber.com.tr\/index.php?rest_route=\/wp\/v2\/posts"}],"about":[{"href":"https:\/\/adanaseshaber.com.tr\/index.php?rest_route=\/wp\/v2\/types\/post"}],"author":[{"embeddable":true,"href":"https:\/\/adanaseshaber.com.tr\/index.php?rest_route=\/wp\/v2\/users\/1"}],"replies":[{"embeddable":true,"href":"https:\/\/adanaseshaber.com.tr\/index.php?rest_route=%2Fwp%2Fv2%2Fcomments&post=6731"}],"version-history":[{"count":0,"href":"https:\/\/adanaseshaber.com.tr\/index.php?rest_route=\/wp\/v2\/posts\/6731\/revisions"}],"wp:featuredmedia":[{"embeddable":true,"href":"https:\/\/adanaseshaber.com.tr\/index.php?rest_route=\/wp\/v2\/media\/6733"}],"wp:attachment":[{"href":"https:\/\/adanaseshaber.com.tr\/index.php?rest_route=%2Fwp%2Fv2%2Fmedia&parent=6731"}],"wp:term":[{"taxonomy":"category","embeddable":true,"href":"https:\/\/adanaseshaber.com.tr\/index.php?rest_route=%2Fwp%2Fv2%2Fcategories&post=6731"},{"taxonomy":"post_tag","embeddable":true,"href":"https:\/\/adanaseshaber.com.tr\/index.php?rest_route=%2Fwp%2Fv2%2Ftags&post=6731"}],"curies":[{"name":"wp","href":"https:\/\/api.w.org\/{rel}","templated":true}]}}